{"id":3630,"date":"2019-05-07T02:44:37","date_gmt":"2019-05-07T02:44:37","guid":{"rendered":"http:\/\/arroyitoonline.com.ar\/?p=3630"},"modified":"2019-05-07T04:02:14","modified_gmt":"2019-05-07T04:02:14","slug":"german-pratto-alento-la-renovacion-del-pj-de-arroyito","status":"publish","type":"post","link":"https:\/\/arroyitoonline.com.ar\/?p=3630","title":{"rendered":"Germ\u00e1n Pratto alent\u00f3 la renovaci\u00f3n del PJ de Arroyito"},"content":{"rendered":"\n<p><strong>Subi\u00f3 una foto con Acosta y Costanzo, en cuyo ep\u00edgrafe puede leerse que<\/strong><em><strong> &#8220;Ellos son y ser\u00e1n los responsables de la construcci\u00f3n de un modelo alternativo que proyecte un Arroyito que crezca cada vez m\u00e1s&#8221;<\/strong><\/em><strong>. <\/strong><\/p>\n\n\n\n<p>El legislador de Hacemos por C\u00f3rdoba y exintendente de Morteros, Germ\u00e1n Pratto, estuvo hoy en Arroyito, acompa\u00f1ando al candidato a vicegobernador <a href=\"http:\/\/arroyitoonline.com.ar\/info-online\/politica\/en-su-visita-a-arroyito-calvo-superviso-el-wifi-libre-en-la-plaza-25-de-mayo\/\">Manuel Calvo<\/a>. <\/p>\n\n\n\n<p>Si bien durante las \u00faltimas entrevistas y notas brindadas, los referentes provinciales -Pratto incluido- vienen esquivando las preguntas sobre definiciones de candidaturas para las elecciones a intendente de nuestra ciudad, al menos hasta que pasen las del domingo 12 de mayo, hoy ocurri\u00f3 algo particular. <\/p>\n\n\n\n<p>Aunque Calvo y Pratto hablaron de que en Hacemos Por C\u00f3rdoba son &#8220;frentistas&#8221; e incluso cuentan con la participaci\u00f3n de radicales -tal es el caso del carlospacense Esteban Avil\u00e9s-, dejando la puerta abierta para alianzas interpartidarias, entre l\u00edneas pueden adivinarse algunos apoyos. <\/p>\n\n\n\n<p>Por ejemplo, hace unos minutos, el legislador morterense comparti\u00f3 una foto en sus redes sociales en la que aparecen, entre otros, Emanuel Acosta y Emiliano Costanzo, acompa\u00f1ada de un contundente mensaje: <em>&#8220;\u00a1POR LA RENOVACI\u00d3N EN ARROYITO! Acompa\u00f1ando a la&nbsp;#juventud, fuente de ideas innovadoras, creativas y tecnol\u00f3gicas. Ellos son y ser\u00e1n los responsables de la construcci\u00f3n de un modelo alternativo que proyecte un Arroyito que crezca cada vez m\u00e1s&#8221;<\/em>.<\/p>\n\n\n\n<figure><iframe loading=\"lazy\" src=\"https:\/\/www.facebook.com\/plugins\/post.php?href=https%3A%2F%2Fwww.facebook.com%2Fgerman.pratto%2Fposts%2F2799056170109960&amp;width=500\" width=\"500\" height=\"625\"><\/iframe><\/figure>\n\n\n\n<p>Tambi\u00e9n en el marco de la venida del secretario de Comunicaciones y Conectividad de C\u00f3rdoba dialogamos con Acosta y Costanzo, quienes ratificaron su apoyo a la f\u00f3rmula Schiaretti-Calvo y, para lo que viene, <em>&#8220;dentro de esos pilares que son la juventud, la renovaci\u00f3n, la transparencia, la idoneidad, la experiencia y la educaci\u00f3n, poder armar un frente amplio que tenga expectativas de gobernar y que sea una alternativa seria para todos los vecinos de Arroyito, que nos puedan acompa\u00f1ar y que nos den la oportunidad de traer todo ese progreso, todas esas obras que desde el Gobierno de la Provincia siempre han venido a Arroyito, tambi\u00e9n desde la administraci\u00f3n municipal&#8221;<\/em>. <\/p>\n","protected":false},"excerpt":{"rendered":"<p>Subi\u00f3 una foto con Acosta y Costanzo, en cuyo ep\u00edgrafe puede leerse que &#8220;Ellos son y ser\u00e1n los responsables de&hellip;<\/p>\n","protected":false},"author":3,"featured_media":3631,"comment_status":"closed","ping_status":"open","sticky":false,"template":"","format":"standard","meta":{"footnotes":""},"categories":[8],"tags":[955,66,67,836,404,405,480,572,640,784],"class_list":["post-3630","post","type-post","status-publish","format-standard","has-post-thumbnail","hentry","category-politica","tag-acosta","tag-arroyito","tag-arroyito-cordoba","tag-arroyito-online","tag-gobierno-de-cordoba","tag-gobierno-de-la-provincia","tag-juventud-peronista","tag-noticias-de-arroyito-y-zona","tag-politica","tag-union-por-cordoba"],"_links":{"self":[{"href":"https:\/\/arroyitoonline.com.ar\/index.php?rest_route=\/wp\/v2\/posts\/3630","targetHints":{"allow":["GET"]}}],"collection":[{"href":"https:\/\/arroyitoonline.com.ar\/index.php?rest_route=\/wp\/v2\/posts"}],"about":[{"href":"https:\/\/arroyitoonline.com.ar\/index.php?rest_route=\/wp\/v2\/types\/post"}],"author":[{"embeddable":true,"href":"https:\/\/arroyitoonline.com.ar\/index.php?rest_route=\/wp\/v2\/users\/3"}],"replies":[{"embeddable":true,"href":"https:\/\/arroyitoonline.com.ar\/index.php?rest_route=%2Fwp%2Fv2%2Fcomments&post=3630"}],"version-history":[{"count":4,"href":"https:\/\/arroyitoonline.com.ar\/index.php?rest_route=\/wp\/v2\/posts\/3630\/revisions"}],"predecessor-version":[{"id":3643,"href":"https:\/\/arroyitoonline.com.ar\/index.php?rest_route=\/wp\/v2\/posts\/3630\/revisions\/3643"}],"wp:featuredmedia":[{"embeddable":true,"href":"https:\/\/arroyitoonline.com.ar\/index.php?rest_route=\/wp\/v2\/media\/3631"}],"wp:attachment":[{"href":"https:\/\/arroyitoonline.com.ar\/index.php?rest_route=%2Fwp%2Fv2%2Fmedia&parent=3630"}],"wp:term":[{"taxonomy":"category","embeddable":true,"href":"https:\/\/arroyitoonline.com.ar\/index.php?rest_route=%2Fwp%2Fv2%2Fcategories&post=3630"},{"taxonomy":"post_tag","embeddable":true,"href":"https:\/\/arroyitoonline.com.ar\/index.php?rest_route=%2Fwp%2Fv2%2Ftags&post=3630"}],"curies":[{"name":"wp","href":"https:\/\/api.w.org\/{rel}","templated":true}]}}