{"id":3634,"date":"2019-05-06T22:35:37","date_gmt":"2019-05-06T22:35:37","guid":{"rendered":"http:\/\/arroyitoonline.com.ar\/?p=3634"},"modified":"2019-05-07T04:01:47","modified_gmt":"2019-05-07T04:01:47","slug":"en-su-visita-a-arroyito-calvo-superviso-el-wifi-libre-en-la-plaza-25-de-mayo","status":"publish","type":"post","link":"https:\/\/arroyitoonline.com.ar\/?p=3634","title":{"rendered":"En su visita a Arroyito, Calvo supervis\u00f3 el WiFi libre en la Plaza 25 de Mayo"},"content":{"rendered":"\n<p><strong>El secretario provincial de Comunicaciones y Conectividad explic\u00f3 el funcionamiento de estos puntos que proveen internet de calidad sin costo y evit\u00f3 definiciones sobre candidaturas locales. <\/strong><\/p>\n\n\n\n<p>Durante la tarde de este lunes, y tal como lo hab\u00eda anticipado en primicia <strong>Arroyito Online<\/strong>, visit\u00f3 Arroyito el secretario provincial de Comunicaciones y Conectividad, Manuel Calvo. <\/p>\n\n\n\n<p>Es que, en el marco del Plan Conectividad C\u00f3rdoba, ya funciona en dos plazas de Arroyito, el WiFi libre. Para su puesta en marcha, la Municipalidad se encarg\u00f3 de la provisi\u00f3n de energ\u00eda de los equipos y todo el cableado interno hasta las antenas de internet inal\u00e1mbrico. <\/p>\n\n\n\n<p>Se colocaron tres Access Point en la Plaza 25 de Mayo y dos en la Plaza Eva Per\u00f3n, para darles m\u00e1s servicio a los usuarios y una cobertura en toda la extensi\u00f3n de cada espacio verde. <\/p>\n\n\n\n<p>Por eso, en su venida a nuestra ciudad, Calvo supervis\u00f3 el funcionamiento de este flamante servicio mientras dialogaba con los medios de comunicaci\u00f3n. En #tiemporeal para <strong>Arroyito Online<\/strong> mostr\u00f3, desde su tel\u00e9fono celular, la veloz conexi\u00f3n que se consigue accediendo a la red <strong>CONECTIVIDAD C\u00d3RDOBA<\/strong>.<\/p>\n\n\n\n<p>Adem\u00e1s, el candidato a vicegobernador de Hacemos Por C\u00f3rdoba, explic\u00f3 que no se necesitan contrase\u00f1as ni registros y que pueden conectarse hasta 500 dispositivos de manera simult\u00e1nea en cada plaza. <\/p>\n\n\n\n<p>Calvo dijo que toda la infraestructura subterr\u00e1nea es con fibra \u00f3ptica y que permite la vinculaci\u00f3n con el prestador de servicio local, que garantice la conectividad.<\/p>\n\n\n\n<p>El servicio se prestar\u00e1 por el plazo de 12 meses, que el gobierno ir\u00e1 renovando, controlando que los puntos est\u00e9n siempre activos. Cada uno de ellos es monitoreado de manera permanente desde el Data Center de C\u00f3rdoba y, ante cualquier corte de energ\u00eda, cuentan con bater\u00edas UPS para que las primeras cuatro horas, m\u00e1s all\u00e1 de que no haya electricidad, siga funcionando el Wi-Fi, <em>&#8220;as\u00ed que hemos tomado todos los recaudos para prestar un servicio de calidad y eficiente en Arroyito y dentro de la provincia. Apr\u00f3piense, que es de ustedes&#8221;<\/em>, cerr\u00f3 el funcionario, en este pasaje de la charla con periodistas.  <\/p>\n\n\n\n<p><em>&#8220;Los lugares a los que se llega con internet son vitales para los vecinos, que se apropian de ese beneficio y se vinculan de una manera especial con cada uno de los espacios&#8221;<\/em>, expresaron, por su parte, desde la actual administraci\u00f3n municipal, al tiempo que se\u00f1alaron que&nbsp;los espacios fueron elegidos por el intendente.<\/p>\n\n\n\n<figure><iframe loading=\"lazy\" src=\"https:\/\/www.facebook.com\/plugins\/video.php?href=https%3A%2F%2Fwww.facebook.com%2Farroyitoonlineoficial%2Fvideos%2F669495920154288%2F&amp;show_text=0&amp;width=560\" width=\"560\" height=\"315\" allowfullscreen=\"true\"><\/iframe><\/figure>\n\n\n\n<p><strong>Con pocas definiciones pol\u00edticas<\/strong><\/p>\n\n\n\n<p>Al ser consultado sobre qui\u00e9n recibir\u00e1 el apoyo provincial en las pr\u00f3ximas elecciones a intendente de Arroyito, Manuel Calvo evit\u00f3 definiciones concretas comentando que <em>&#8220;Hacemos por C\u00f3rdoba fue la oportunidad que vimos de vencer las barreras del Justicialismo, ya que dentro tenemos sectores del socialismo, del GEN, de Acci\u00f3n para el Cambio, vecinalistas, incluso radicales como Esteban Avil\u00e9s; un frente amplio, porque lo mejor para C\u00f3rdoba es copiar experiencias, no solo en el \u00e1mbito provincial sino tambi\u00e9n en poder llevarlo al \u00e1mbito local&#8221;<\/em>, al tiempo que afirm\u00f3 que <em>&#8220;No hemos evaluado qui\u00e9nes son nuestros candidatos. Una vez que pase la elecci\u00f3n provincial vamos a ver c\u00f3mo podemos sumar a gente, no solo del nuestro, sino de otros espacios pol\u00edticos para conformar un frente electoral que nos permita estar de la mejor manera y presentar la mejor opci\u00f3n, de cara a las elecciones locales, y estoy seguro de que los vecinos nos van a acompa\u00f1ar&#8221;<\/em>.  <\/p>\n","protected":false},"excerpt":{"rendered":"<p>El secretario provincial de Comunicaciones y Conectividad explic\u00f3 el funcionamiento de estos puntos que proveen internet de calidad sin costo&hellip;<\/p>\n","protected":false},"author":3,"featured_media":3635,"comment_status":"closed","ping_status":"open","sticky":false,"template":"","format":"standard","meta":{"footnotes":""},"categories":[8],"tags":[66,67,836,404,405,457,572,956],"class_list":["post-3634","post","type-post","status-publish","format-standard","has-post-thumbnail","hentry","category-politica","tag-arroyito","tag-arroyito-cordoba","tag-arroyito-online","tag-gobierno-de-cordoba","tag-gobierno-de-la-provincia","tag-internet","tag-noticias-de-arroyito-y-zona","tag-plan-conectividad-cordoba"],"_links":{"self":[{"href":"https:\/\/arroyitoonline.com.ar\/index.php?rest_route=\/wp\/v2\/posts\/3634","targetHints":{"allow":["GET"]}}],"collection":[{"href":"https:\/\/arroyitoonline.com.ar\/index.php?rest_route=\/wp\/v2\/posts"}],"about":[{"href":"https:\/\/arroyitoonline.com.ar\/index.php?rest_route=\/wp\/v2\/types\/post"}],"author":[{"embeddable":true,"href":"https:\/\/arroyitoonline.com.ar\/index.php?rest_route=\/wp\/v2\/users\/3"}],"replies":[{"embeddable":true,"href":"https:\/\/arroyitoonline.com.ar\/index.php?rest_route=%2Fwp%2Fv2%2Fcomments&post=3634"}],"version-history":[{"count":3,"href":"https:\/\/arroyitoonline.com.ar\/index.php?rest_route=\/wp\/v2\/posts\/3634\/revisions"}],"predecessor-version":[{"id":3641,"href":"https:\/\/arroyitoonline.com.ar\/index.php?rest_route=\/wp\/v2\/posts\/3634\/revisions\/3641"}],"wp:featuredmedia":[{"embeddable":true,"href":"https:\/\/arroyitoonline.com.ar\/index.php?rest_route=\/wp\/v2\/media\/3635"}],"wp:attachment":[{"href":"https:\/\/arroyitoonline.com.ar\/index.php?rest_route=%2Fwp%2Fv2%2Fmedia&parent=3634"}],"wp:term":[{"taxonomy":"category","embeddable":true,"href":"https:\/\/arroyitoonline.com.ar\/index.php?rest_route=%2Fwp%2Fv2%2Fcategories&post=3634"},{"taxonomy":"post_tag","embeddable":true,"href":"https:\/\/arroyitoonline.com.ar\/index.php?rest_route=%2Fwp%2Fv2%2Ftags&post=3634"}],"curies":[{"name":"wp","href":"https:\/\/api.w.org\/{rel}","templated":true}]}}