{"id":3648,"date":"2019-05-08T03:51:05","date_gmt":"2019-05-08T03:51:05","guid":{"rendered":"http:\/\/arroyitoonline.com.ar\/?p=3648"},"modified":"2019-05-08T03:51:09","modified_gmt":"2019-05-08T03:51:09","slug":"bomberos-aunque-afronto-un-juicio-laboral-millonario-presento-un-nuevo-vehiculo","status":"publish","type":"post","link":"https:\/\/arroyitoonline.com.ar\/?p=3648","title":{"rendered":"Bomberos: aunque afront\u00f3 un juicio laboral millonario, present\u00f3 un nuevo veh\u00edculo"},"content":{"rendered":"\n<p><strong>La asociaci\u00f3n pas\u00f3 un dif\u00edcil momento econ\u00f3mico pero, con la excelente gesti\u00f3n de su comisi\u00f3n directiva y el cuerpo activo, sale adelante. <\/strong><\/p>\n\n\n\n<p>Hoy, a trav\u00e9s de su p\u00e1gina de\nFacebook, la Asociaci\u00f3n Bomberos Voluntarios de Arroyito, comunic\u00f3 que pas\u00f3 por\nun dif\u00edcil momento econ\u00f3mico. Fue porque un exemplado, que es familiar de un\nmiembro de la comisi\u00f3n directiva anterior e ingres\u00f3 en ese momento, le inici\u00f3\nun juicio laboral.<\/p>\n\n\n\n<p>En este marco, la Justicia orden\u00f3 que se embargaran las cuentas de la instituci\u00f3n y se cobrara una suma cercana al mill\u00f3n de pesos. La cuesti\u00f3n radica en que, seg\u00fan el art\u00edculo 14 de la ley 26.987 con modificaci\u00f3n de la ley 25.054, <em>&#8220;Los fondos destinados a las entidades citadas en los art\u00edculos 2\u00b0, 4\u00b0 y 5\u00b0 como asimismo los bienes que integren el patrimonio de las mismas, ser\u00e1n inembargables e inejecutables\u201d<\/em>. <\/p>\n\n\n\n<p>En este marco, Bomberos inform\u00f3 que, con lo sucedido, se puso <em>\u201cen riesgo nuestro sustento econ\u00f3mico destinado, nada m\u00e1s ni nada menos, que a capacitar a nuestros bomberos y adquirir equipamiento, para proteger a la comunidad y vecinos\u201d,<\/em> pero que lograron, mediante la excelente gesti\u00f3n de la actual comisi\u00f3n y cuerpo activo, <em>\u201csalir adelante\u201d<\/em>.<\/p>\n\n\n\n<p>Todo esto con la participaci\u00f3n de bomberos, aspirantes y miembros de la honorable comisi\u00f3n en programas de capacitaci\u00f3n, charlas, eventos, innumerables buffets y muchas horas de trabajo fuera de la labor de emergencia. <em>\u201cGracias a ellos y gracias a la colaboraci\u00f3n de todos los que aportan su granito de arena en nuestra ciudad logramos avanzar\u201d<\/em>, se\u00f1alaron desde la entidad. <\/p>\n\n\n\n<figure><iframe loading=\"lazy\" src=\"https:\/\/www.facebook.com\/plugins\/post.php?href=https%3A%2F%2Fwww.facebook.com%2Fbomberosarroyito%2Fposts%2F2171853806243781&amp;width=500\" width=\"500\" height=\"789\"><\/iframe><\/figure>\n\n\n\n<p><strong>Incorporaci\u00f3n de un cami\u00f3n de abastecimiento<\/strong><\/p>\n\n\n\n<p>Pero no todas son malas noticias, ya que desde Bomberos, aprovecharon el comunicado y contaron, <em>\u201ccon gran alegr\u00eda\u201d<\/em>, que adquirieron un nuevo m\u00f3vil, el 24, para abastecimiento. Se trata de un cami\u00f3n Scania 112 modelo 1990 con una cisterna de 18.600 litros de capacidad \u2013casi el doble del cisterna anterior, m\u00f3vil 16, el cual viene a reemplazar-, proveniente de la provincia de Buenos Aires. Adem\u00e1s cuenta con una bomba card\u00e1nica de 2.200 lpm y compartimiento para herramientas.<\/p>\n\n\n\n<p>Esta unidad es la primera que\nllega, de una serie de nuevos veh\u00edculos comprados y destinados a la renovaci\u00f3n\nde la flota de la instituci\u00f3n. <\/p>\n\n\n\n<p><em>\u201cMuchas gracias a todos quienes hicieron posible este logro, seguiremos\ntrabajando para brindar una mejor atenci\u00f3n a toda nuestra ciudad en este a\u00f1o y\nlos que vendr\u00e1n\u201d<\/em>, finalizaron desde la entidad. <\/p>\n\n\n\n<p><strong>Informaci\u00f3n importante<\/strong> <\/p>\n\n\n\n<p>Tambi\u00e9n informaron que la unidad cuenta con una sirena electromec\u00e1nica marca Kingvox. Si bien es cl\u00e1sica en el mundo bomberil, es la primera en esta instituci\u00f3n y a veces puede confundirse con su sirena a\u00e9rea, por lo que proporcionan este dato para que sea tenido en cuenta y no se cree confusi\u00f3n a la hora de una intervenci\u00f3n en la que este m\u00f3vil participe. <\/p>\n","protected":false},"excerpt":{"rendered":"<p>La asociaci\u00f3n pas\u00f3 un dif\u00edcil momento econ\u00f3mico pero, con la excelente gesti\u00f3n de su comisi\u00f3n directiva y el cuerpo activo,&hellip;<\/p>\n","protected":false},"author":3,"featured_media":3649,"comment_status":"closed","ping_status":"open","sticky":false,"template":"","format":"standard","meta":{"footnotes":""},"categories":[900],"tags":[66,67,836,127,128,129,572],"class_list":["post-3648","post","type-post","status-publish","format-standard","has-post-thumbnail","hentry","category-noticias","tag-arroyito","tag-arroyito-cordoba","tag-arroyito-online","tag-bomberos-arroyito","tag-bomberos-de-arroyito","tag-bomberos-voluntarios","tag-noticias-de-arroyito-y-zona"],"_links":{"self":[{"href":"https:\/\/arroyitoonline.com.ar\/index.php?rest_route=\/wp\/v2\/posts\/3648","targetHints":{"allow":["GET"]}}],"collection":[{"href":"https:\/\/arroyitoonline.com.ar\/index.php?rest_route=\/wp\/v2\/posts"}],"about":[{"href":"https:\/\/arroyitoonline.com.ar\/index.php?rest_route=\/wp\/v2\/types\/post"}],"author":[{"embeddable":true,"href":"https:\/\/arroyitoonline.com.ar\/index.php?rest_route=\/wp\/v2\/users\/3"}],"replies":[{"embeddable":true,"href":"https:\/\/arroyitoonline.com.ar\/index.php?rest_route=%2Fwp%2Fv2%2Fcomments&post=3648"}],"version-history":[{"count":1,"href":"https:\/\/arroyitoonline.com.ar\/index.php?rest_route=\/wp\/v2\/posts\/3648\/revisions"}],"predecessor-version":[{"id":3650,"href":"https:\/\/arroyitoonline.com.ar\/index.php?rest_route=\/wp\/v2\/posts\/3648\/revisions\/3650"}],"wp:featuredmedia":[{"embeddable":true,"href":"https:\/\/arroyitoonline.com.ar\/index.php?rest_route=\/wp\/v2\/media\/3649"}],"wp:attachment":[{"href":"https:\/\/arroyitoonline.com.ar\/index.php?rest_route=%2Fwp%2Fv2%2Fmedia&parent=3648"}],"wp:term":[{"taxonomy":"category","embeddable":true,"href":"https:\/\/arroyitoonline.com.ar\/index.php?rest_route=%2Fwp%2Fv2%2Fcategories&post=3648"},{"taxonomy":"post_tag","embeddable":true,"href":"https:\/\/arroyitoonline.com.ar\/index.php?rest_route=%2Fwp%2Fv2%2Ftags&post=3648"}],"curies":[{"name":"wp","href":"https:\/\/api.w.org\/{rel}","templated":true}]}}