{"id":3654,"date":"2019-05-08T04:38:10","date_gmt":"2019-05-08T04:38:10","guid":{"rendered":"http:\/\/arroyitoonline.com.ar\/?p=3654"},"modified":"2019-05-08T04:38:11","modified_gmt":"2019-05-08T04:38:11","slug":"la-biblioteca-almafuerte-presente-en-la-feria-internacional-del-libro-leer-abre-puertas","status":"publish","type":"post","link":"https:\/\/arroyitoonline.com.ar\/?p=3654","title":{"rendered":"La Biblioteca Almafuerte, presente en la Feria Internacional del Libro Leer abre puertas"},"content":{"rendered":"\n<p><strong>Su directora Norma Ferreyra estuvo en el acontecimiento cultural m\u00e1s importante de Latinoam\u00e9rica, con sede en CABA. <\/strong><\/p>\n\n\n\n<p>El pasado viernes 3, s\u00e1bado 4 y domingo 5 de mayo, la directora de la Biblioteca Municipal Popular Almafuerte, Norma Ferreyra, y su par del PreNAF, Silvia Lovera, participaron de la Feria Internacional del libro Leer abre Puertas, con sede en la Ciudad Aut\u00f3noma de\u00a0Buenos Aires.<\/p>\n\n\n\n<p>En ese marco, se desarroll\u00f3 una nueva edici\u00f3n del programa de la Conabip, a trav\u00e9s del cual 880 bibliotecas populares presentes adquirieron material bibliogr\u00e1fico al 50% de su precio habitual. La instituci\u00f3n local compr\u00f3 80 ejemplares, de los g\u00e9neros novela, cuento, estudio, pol\u00edtica, ensayo, deporte, entre, los cuales\u00a0estar\u00e1n a entera disposici\u00f3n de los lectores.\u00a0<\/p>\n\n\n\n<p>Nuestras representantes tambi\u00e9n participaron de nutridas charlas de reconocidos autores y talleres dispuestos para que trasladen ideas, conceptos y proyectos hacia sus instituciones.\u00a0<\/p>\n\n\n\n<p>La Feria Internacional del Libro de Buenos Aires\u00a0 es la m\u00e1s concurrida en el mundo de habla hispana. Durante sus casi tres semanas de duraci\u00f3n la visitan m\u00e1s de un mill\u00f3n de lectores y m\u00e1s de 12.000 profesionales del libro.\u00a0<\/p>\n\n\n\n<p>Desde 1975, a\u00f1o en que se realiz\u00f3 por primera vez, fue creciendo edici\u00f3n tras edici\u00f3n, hasta convertirse en el acontecimiento cultural m\u00e1s importante de Latinoam\u00e9rica.\u00a0<\/p>\n\n\n\n<p>La Feria Internacional del Libro de Buenos Aires ofrece programas de excelencia para los educadores: las Jornadas Internacionales de Educaci\u00f3n; el Encuentro Internacional de Narraci\u00f3n Oral; el Congreso de Promoci\u00f3n de la Lectura y el Libro; y el Foro Internacional de Ense\u00f1anza de Ciencias y Tecnolog\u00edas.\u00a0<\/p>\n\n\n\n<p>La Feria es un escenario cultural privilegiado en el que se despliega una nutrida programaci\u00f3n de m\u00e1s de 1.500 actos y del que participan los m\u00e1s destacados referentes del mundo del libro.<\/p>\n\n\n\n<p>Fuente: Prensa Municipal. <\/p>\n","protected":false},"excerpt":{"rendered":"<p>Su directora Norma Ferreyra estuvo en el acontecimiento cultural m\u00e1s importante de Latinoam\u00e9rica, con sede en CABA. El pasado viernes&hellip;<\/p>\n","protected":false},"author":3,"featured_media":3655,"comment_status":"closed","ping_status":"open","sticky":false,"template":"","format":"standard","meta":{"footnotes":""},"categories":[2],"tags":[66,67,836,117,886,864,364,499,555,556,572],"class_list":["post-3654","post","type-post","status-publish","format-standard","has-post-thumbnail","hentry","category-cultura-y-espectaculos","tag-arroyito","tag-arroyito-cordoba","tag-arroyito-online","tag-biblioteca","tag-biblioteca-municipal-popular-almafuerte","tag-cultura-y-espectaculos-online","tag-feria-del-libro","tag-literatura","tag-municipalidad","tag-municipalidad-de-arroyito","tag-noticias-de-arroyito-y-zona"],"_links":{"self":[{"href":"https:\/\/arroyitoonline.com.ar\/index.php?rest_route=\/wp\/v2\/posts\/3654","targetHints":{"allow":["GET"]}}],"collection":[{"href":"https:\/\/arroyitoonline.com.ar\/index.php?rest_route=\/wp\/v2\/posts"}],"about":[{"href":"https:\/\/arroyitoonline.com.ar\/index.php?rest_route=\/wp\/v2\/types\/post"}],"author":[{"embeddable":true,"href":"https:\/\/arroyitoonline.com.ar\/index.php?rest_route=\/wp\/v2\/users\/3"}],"replies":[{"embeddable":true,"href":"https:\/\/arroyitoonline.com.ar\/index.php?rest_route=%2Fwp%2Fv2%2Fcomments&post=3654"}],"version-history":[{"count":1,"href":"https:\/\/arroyitoonline.com.ar\/index.php?rest_route=\/wp\/v2\/posts\/3654\/revisions"}],"predecessor-version":[{"id":3656,"href":"https:\/\/arroyitoonline.com.ar\/index.php?rest_route=\/wp\/v2\/posts\/3654\/revisions\/3656"}],"wp:featuredmedia":[{"embeddable":true,"href":"https:\/\/arroyitoonline.com.ar\/index.php?rest_route=\/wp\/v2\/media\/3655"}],"wp:attachment":[{"href":"https:\/\/arroyitoonline.com.ar\/index.php?rest_route=%2Fwp%2Fv2%2Fmedia&parent=3654"}],"wp:term":[{"taxonomy":"category","embeddable":true,"href":"https:\/\/arroyitoonline.com.ar\/index.php?rest_route=%2Fwp%2Fv2%2Fcategories&post=3654"},{"taxonomy":"post_tag","embeddable":true,"href":"https:\/\/arroyitoonline.com.ar\/index.php?rest_route=%2Fwp%2Fv2%2Ftags&post=3654"}],"curies":[{"name":"wp","href":"https:\/\/api.w.org\/{rel}","templated":true}]}}