{"id":3657,"date":"2019-05-08T16:46:19","date_gmt":"2019-05-08T16:46:19","guid":{"rendered":"http:\/\/arroyitoonline.com.ar\/?p=3657"},"modified":"2019-05-08T16:57:51","modified_gmt":"2019-05-08T16:57:51","slug":"la-nueva-sede-del-pami-arroyito-funcionara-en-mitre-310","status":"publish","type":"post","link":"https:\/\/arroyitoonline.com.ar\/?p=3657","title":{"rendered":"La nueva sede del PAMI Arroyito funcionar\u00e1 en Mitre 310"},"content":{"rendered":"\n<p><strong>El Municipio alquil\u00f3 el local c\u00e9ntrico por tres a\u00f1os. Eval\u00faan que tambi\u00e9n atienda en el lugar, alguna dependencia municipal. <\/strong><\/p>\n\n\n\n<p>Esta ma\u00f1ana en conferencia de prensa, el intendente Mauricio Cravero, que se encontraba acompa\u00f1ado por sus secretarios y funcionarios, hizo algunos anuncios. <\/p>\n\n\n\n<p>Si bien la expectativa estaba puesta en la cuesti\u00f3n electoral, el primer mandatario local focaliz\u00f3 los avisos en asuntos de gesti\u00f3n. En esta l\u00ednea, comenz\u00f3 diciendo que el Programa de Atenci\u00f3n M\u00e9dica (PAMI) delegaci\u00f3n Arroyito tendr\u00e1 una nueva sede, en Mitre 310 (ex-Supermercado Borgna, hoy Plasticolandia).<\/p>\n\n\n\n<p>En la rueda de medios, Cravero explic\u00f3 adem\u00e1s que el contrato de alquiler fue firmado por tres a\u00f1os y que el ingreso se producir\u00e1 el 1 de junio.<\/p>\n\n\n\n<p>La renta, que ser\u00e1 de $13.000 mensuales y se actualizar\u00e1 de manera semestral, estar\u00e1 afrontada por el Municipio. Cabe aclarar que de la refuncionalizaci\u00f3n de la instalaci\u00f3n el\u00e9ctrica, cumplimentando con la Ley Provincial de Seguridad El\u00e9ctrica, se har\u00e1 cargo el due\u00f1o del local.<\/p>\n\n\n\n<p>Teniendo en cuenta las remodelaciones que deben realizarse, estiman que la apertura de la flamante sede se producir\u00e1 en los \u00faltimos d\u00edas del mes de junio pr\u00f3ximo. Tambi\u00e9n eval\u00faan si el PAMI compartir\u00e1 el espacio con alguna dependencia municipal. <\/p>\n\n\n\n<p><strong>Cronolog\u00eda de los reclamos<\/strong><\/p>\n\n\n\n<p>En el \u00faltimo tiempo se registraron recurrentes reclamos sobre el mal estado del inmueble actual sobre calle V\u00e9lez Sarsfield al 943, la falta de espacio y las p\u00e9simas condiciones en las que los adultos mayores deben esperar para que los atiendan, padeciendo calor en verano y fr\u00edo en invierno. <\/p>\n\n\n\n<p>Respondiendo estas quejas, en marzo de 2018, Wilson Genesio y Juan Jos\u00e9 Sileone, concejales del Bloque Vecinalismo Independiente <a href=\"http:\/\/arroyitoonline.com.ar\/info-online\/politica\/pami-genesio-piensa-que-el-anuncio-de-cravero-es-oportunismo-electoral\/\">presentaron<\/a>, en el Concejo Deliberante, el Proyecto de Resoluci\u00f3n N\u00ba 01\/2018 denominado <em>\u201cSolicitud de acciones ante Organismos Nacionales para el mejoramiento de las condiciones edilicias de la filial PAMI \u2013 Arroyito y su atenci\u00f3n al p\u00fablico\u201d<\/em>. Este reclamo result\u00f3 acompa\u00f1ado por el resto de los ediles, y la Resoluci\u00f3n aprobada en el recinto por unanimidad, el 5 de abril del mismo a\u00f1o.  <\/p>\n\n\n\n<p>Por otra parte, ya en febrero de 2019, el abogado Emanuel Acosta elev\u00f3 una <a href=\"http:\/\/arroyitoonline.com.ar\/info-online\/emanuel-acosta-denuncio-el-estado-de-pami-en-arroyito-ante-el-defensor-del-pueblo-por\/\">protesta ante el Defensor del Pueblo&nbsp;de&nbsp;la&nbsp;Naci\u00f3n&nbsp;Argentina<\/a>, que fue respondida por el organismo informando que puso en conocimiento de la situaci\u00f3n al Instituto Nacional de Servicios Sociales para Jubilados y Pensionados (INSSJP).<\/p>\n\n\n\n<figure class=\"wp-block-image\"><img loading=\"lazy\" decoding=\"async\" width=\"700\" height=\"932\" src=\"http:\/\/arroyitoonline.com.ar\/wp-content\/uploads\/2019\/05\/pami_Fotor.jpg\" alt=\"\" class=\"wp-image-3664\" srcset=\"https:\/\/arroyitoonline.com.ar\/wp-content\/uploads\/2019\/05\/pami_Fotor.jpg 700w, https:\/\/arroyitoonline.com.ar\/wp-content\/uploads\/2019\/05\/pami_Fotor-225x300.jpg 225w\" sizes=\"auto, (max-width: 700px) 100vw, 700px\" \/><\/figure>\n\n\n\n<p>D\u00edas despu\u00e9s, haci\u00e9ndose eco de esta problem\u00e1tica, Cravero anunci\u00f3, en primicia para <strong>Arroyito Online<\/strong>, que desde el lunes 18 de febrero,&nbsp;los beneficiarios locales del&nbsp;<strong>Programa de Atenci\u00f3n M\u00e9dica Integral&nbsp;<\/strong><a href=\"http:\/\/arroyitoonline.com.ar\/municipales-online\/fue-primicia-los-beneficiarios-de-pami-podran-sacar-turnos-en-el-punto-digital\/\">pueden tramitar turnos<\/a> en el Punto Digital de la Casa de la Cultura, en el horario de 8:00 a 12:00.<\/p>\n","protected":false},"excerpt":{"rendered":"<p>El Municipio alquil\u00f3 el local c\u00e9ntrico por tres a\u00f1os. Eval\u00faan que tambi\u00e9n atienda en el lugar, alguna dependencia municipal. Esta&hellip;<\/p>\n","protected":false},"author":3,"featured_media":3658,"comment_status":"closed","ping_status":"open","sticky":false,"template":"","format":"standard","meta":{"footnotes":""},"categories":[9],"tags":[66,67,836,253,527,868,555,556,856,706],"class_list":["post-3657","post","type-post","status-publish","format-standard","has-post-thumbnail","hentry","category-infosalud","tag-arroyito","tag-arroyito-cordoba","tag-arroyito-online","tag-cravero","tag-mauricio-cravero","tag-municipales-online","tag-municipalidad","tag-municipalidad-de-arroyito","tag-pami","tag-salud"],"_links":{"self":[{"href":"https:\/\/arroyitoonline.com.ar\/index.php?rest_route=\/wp\/v2\/posts\/3657","targetHints":{"allow":["GET"]}}],"collection":[{"href":"https:\/\/arroyitoonline.com.ar\/index.php?rest_route=\/wp\/v2\/posts"}],"about":[{"href":"https:\/\/arroyitoonline.com.ar\/index.php?rest_route=\/wp\/v2\/types\/post"}],"author":[{"embeddable":true,"href":"https:\/\/arroyitoonline.com.ar\/index.php?rest_route=\/wp\/v2\/users\/3"}],"replies":[{"embeddable":true,"href":"https:\/\/arroyitoonline.com.ar\/index.php?rest_route=%2Fwp%2Fv2%2Fcomments&post=3657"}],"version-history":[{"count":8,"href":"https:\/\/arroyitoonline.com.ar\/index.php?rest_route=\/wp\/v2\/posts\/3657\/revisions"}],"predecessor-version":[{"id":3669,"href":"https:\/\/arroyitoonline.com.ar\/index.php?rest_route=\/wp\/v2\/posts\/3657\/revisions\/3669"}],"wp:featuredmedia":[{"embeddable":true,"href":"https:\/\/arroyitoonline.com.ar\/index.php?rest_route=\/wp\/v2\/media\/3658"}],"wp:attachment":[{"href":"https:\/\/arroyitoonline.com.ar\/index.php?rest_route=%2Fwp%2Fv2%2Fmedia&parent=3657"}],"wp:term":[{"taxonomy":"category","embeddable":true,"href":"https:\/\/arroyitoonline.com.ar\/index.php?rest_route=%2Fwp%2Fv2%2Fcategories&post=3657"},{"taxonomy":"post_tag","embeddable":true,"href":"https:\/\/arroyitoonline.com.ar\/index.php?rest_route=%2Fwp%2Fv2%2Ftags&post=3657"}],"curies":[{"name":"wp","href":"https:\/\/api.w.org\/{rel}","templated":true}]}}