{"id":3670,"date":"2019-05-08T19:59:21","date_gmt":"2019-05-08T19:59:21","guid":{"rendered":"http:\/\/arroyitoonline.com.ar\/?p=3670"},"modified":"2019-05-15T03:04:19","modified_gmt":"2019-05-15T03:04:19","slug":"el-coro-de-camara-municipal-participo-del-ciclo-coros-en-el-centro-2019","status":"publish","type":"post","link":"https:\/\/arroyitoonline.com.ar\/?p=3670","title":{"rendered":"El Coro de C\u00e1mara Municipal particip\u00f3 del ciclo Coros en el Centro 2019"},"content":{"rendered":"\n<p><strong>El evento, que se desarroll\u00f3 en el Centro Cultural C\u00f3rdoba, tuvo como anfitri\u00f3n al Coro de la Universidad Cat\u00f3lica. <\/strong><\/p>\n\n\n\n<p>El pasado s\u00e1bado 4 de mayo, el Coro de C\u00e1mara Municipal que dirige el profesor Joel Coronel actu\u00f3 en el ciclo Coros en el Centro 2019, en el\u00a0 Centro Cultural C\u00f3rdoba, junto a su par de la Universidad Cat\u00f3lica de C\u00f3rdoba, anfitri\u00f3n del evento.<\/p>\n\n\n\n<p>A trav\u00e9s de las obras interpretadas, los asistentes disfrutaron de un excelente concierto con un marco importante de espectadores, que elogiaron el trabajo t\u00e9cnico que realiza el director del elenco. <\/p>\n\n\n\n<p>Desde el Ejecutivo Municipal afirmaron que <em>&#8220;Una vez m\u00e1s, el arte nos regala estos momentos de dicha donde los valores locales, en este caso el Coro de C\u00e1mara, nos ha representado de una manera impecable. Felicitaciones a todos&#8221;<\/em>.<\/p>\n\n\n\n<p>Fuente: Prensa Municipal. <\/p>\n","protected":false},"excerpt":{"rendered":"<p>El evento, que se desarroll\u00f3 en el Centro Cultural C\u00f3rdoba, tuvo como anfitri\u00f3n al Coro de la Universidad Cat\u00f3lica. El&hellip;<\/p>\n","protected":false},"author":3,"featured_media":3708,"comment_status":"closed","ping_status":"open","sticky":false,"template":"","format":"standard","meta":{"footnotes":""},"categories":[2],"tags":[],"class_list":["post-3670","post","type-post","status-publish","format-standard","has-post-thumbnail","hentry","category-cultura-y-espectaculos"],"_links":{"self":[{"href":"https:\/\/arroyitoonline.com.ar\/index.php?rest_route=\/wp\/v2\/posts\/3670","targetHints":{"allow":["GET"]}}],"collection":[{"href":"https:\/\/arroyitoonline.com.ar\/index.php?rest_route=\/wp\/v2\/posts"}],"about":[{"href":"https:\/\/arroyitoonline.com.ar\/index.php?rest_route=\/wp\/v2\/types\/post"}],"author":[{"embeddable":true,"href":"https:\/\/arroyitoonline.com.ar\/index.php?rest_route=\/wp\/v2\/users\/3"}],"replies":[{"embeddable":true,"href":"https:\/\/arroyitoonline.com.ar\/index.php?rest_route=%2Fwp%2Fv2%2Fcomments&post=3670"}],"version-history":[{"count":1,"href":"https:\/\/arroyitoonline.com.ar\/index.php?rest_route=\/wp\/v2\/posts\/3670\/revisions"}],"predecessor-version":[{"id":3709,"href":"https:\/\/arroyitoonline.com.ar\/index.php?rest_route=\/wp\/v2\/posts\/3670\/revisions\/3709"}],"wp:featuredmedia":[{"embeddable":true,"href":"https:\/\/arroyitoonline.com.ar\/index.php?rest_route=\/wp\/v2\/media\/3708"}],"wp:attachment":[{"href":"https:\/\/arroyitoonline.com.ar\/index.php?rest_route=%2Fwp%2Fv2%2Fmedia&parent=3670"}],"wp:term":[{"taxonomy":"category","embeddable":true,"href":"https:\/\/arroyitoonline.com.ar\/index.php?rest_route=%2Fwp%2Fv2%2Fcategories&post=3670"},{"taxonomy":"post_tag","embeddable":true,"href":"https:\/\/arroyitoonline.com.ar\/index.php?rest_route=%2Fwp%2Fv2%2Ftags&post=3670"}],"curies":[{"name":"wp","href":"https:\/\/api.w.org\/{rel}","templated":true}]}}