{"id":3693,"date":"2019-05-14T14:51:08","date_gmt":"2019-05-14T14:51:08","guid":{"rendered":"http:\/\/arroyitoonline.com.ar\/?p=3693"},"modified":"2019-05-14T14:54:59","modified_gmt":"2019-05-14T14:54:59","slug":"la-concejala-mas-joven-de-la-provincia-esta-en-transito-y-se-llama-micaela-ghione","status":"publish","type":"post","link":"https:\/\/arroyitoonline.com.ar\/?p=3693","title":{"rendered":"La concejala m\u00e1s joven de la provincia est\u00e1 en Tr\u00e1nsito y se llama Micaela Ghione"},"content":{"rendered":"\n<p><strong>Tiene 20 a\u00f1os y estudia medicina en la Universidad Nacional de C\u00f3rdoba. <\/strong><\/p>\n\n\n\n<p>Micaela Ghione, con solo 20 a\u00f1os, es la flamante concejala electa m\u00e1s joven de C\u00f3rdoba y asumir\u00e1 en su funci\u00f3n el pr\u00f3ximo diciembre en la localidad de Tr\u00e1nsito, donde se convertir\u00e1 en la edil de menor edad de la historia. <\/p>\n\n\n\n<p><em>&#8220;Elisa (Carrizo) me alent\u00f3, me dijo que estaba absolutamente preparada y que contaba con ella, para comenzar a transitar este camino de la pol\u00edtica en el pueblo. Para mi sorpresa, despu\u00e9s del resultado del escrutinio, me convertir\u00eda en diciembre en la concejala m\u00e1s joven de la provincia&#8221;<\/em>, dijo esta ma\u00f1ana la joven a <strong>FM Top 99.9<\/strong>, cuando fue consultada por Natalia Marchisoney. <\/p>\n\n\n\n<p>El pasado mes de marzo, Micaela, estudiante de tercer a\u00f1o de Medicina en la Universidad Nacional de C\u00f3rdoba, fue convocada por la intendenta de la vecina localidad. Cabe destacar que anteayer, Carrizo, de Hacemos Por C\u00f3rdoba, fue reelecta obteniendo el 60% de los votos, a 36 puntos de la segunda fuerza (el Vecinalismo Independiente, que llevaba a la exintendenta Noem\u00ed Fauda). Ghione aparec\u00eda como n\u00famero seis en la lista de concejales titulares, por lo que ingres\u00f3 gracias al amplio margen de la victoria del oficialismo. <\/p>\n\n\n\n<p><em>&#8220;Mi pap\u00e1 y mi mam\u00e1 est\u00e1n siempre apoy\u00e1ndome e incentiv\u00e1ndome para que me involucre en todas las problem\u00e1ticas sociales y que todo lo que estudie e la universidad me sirva para el d\u00eda de ma\u00f1ana aplicarlo y contribuir a formar una sociedad mejor. Entonces por qu\u00e9 tengo que esperar a recibirme, por qu\u00e9 no empezar hoy y m\u00e1s de la mano de Elisa, que es una excelente profesional y persona, la verdad ha demostrado poder levantar a Tr\u00e1nsito en tan solo cuatro a\u00f1os. No me quiero imaginar el progreso que espera al pueblo en el pr\u00f3ximo per\u00edodo&#8221;<\/em>, remarc\u00f3 la futura m\u00e9dica. <\/p>\n\n\n\n<p>Adem\u00e1s, la joven pol\u00edtica explic\u00f3 que har\u00e1n hincapi\u00e9 en la educaci\u00f3n, sobre todo en sus pares, para que no tengan que migrar a Arroyito o a C\u00f3rdoba para su acceso a un estudio terciario o alg\u00fan curso de oficios. <em>&#8220;Espero poder cumplir mi rol de representar a los j\u00f3venes, para eso voy a estar, la idea es ser un nexo y que se comuniquen conmigo si no se animan a acercarse a Elisa o el resto de los compa\u00f1eros&#8221;<\/em>, se\u00f1al\u00f3. <\/p>\n\n\n\n<p>Tambi\u00e9n incentiv\u00f3 a quienes, como ella, tengan ganas de participar y mencion\u00f3 a nuestra ciudad: <em>&#8220;Muchas veces las antiguas pol\u00edticas tienden a subestimar la potencia de los j\u00f3venes, es importante que gente como Elisa se atreva a darles un espacio. Apostar a la juventud y darles la voz. Trabajar, unirse, pensar en un objetivo com\u00fan, no tanto en el lugar que cada uno pueda llegar a ocupar, mancomunarse bajo un objetivo com\u00fan que es el progreso de Arroyito. La juventud puede aportar cosas que gente que hace mucho que est\u00e1 en pol\u00edtica, no tiene en cuenta&#8221;<\/em>.<\/p>\n\n\n\n<p>Foto: Arroyito Online. <\/p>\n","protected":false},"excerpt":{"rendered":"<p>Tiene 20 a\u00f1os y estudia medicina en la Universidad Nacional de C\u00f3rdoba. Micaela Ghione, con solo 20 a\u00f1os, es la&hellip;<\/p>\n","protected":false},"author":3,"featured_media":3694,"comment_status":"closed","ping_status":"open","sticky":false,"template":"","format":"standard","meta":{"footnotes":""},"categories":[8],"tags":[13,66,67,836,318,957,471,602,640,717,771],"class_list":["post-3693","post","type-post","status-publish","format-standard","has-post-thumbnail","hentry","category-politica","tag-13","tag-arroyito","tag-arroyito-cordoba","tag-arroyito-online","tag-elecciones","tag-hacemos-por-cordoba","tag-jovenes","tag-partido-justicialista","tag-politica","tag-schiaretti","tag-transito"],"_links":{"self":[{"href":"https:\/\/arroyitoonline.com.ar\/index.php?rest_route=\/wp\/v2\/posts\/3693","targetHints":{"allow":["GET"]}}],"collection":[{"href":"https:\/\/arroyitoonline.com.ar\/index.php?rest_route=\/wp\/v2\/posts"}],"about":[{"href":"https:\/\/arroyitoonline.com.ar\/index.php?rest_route=\/wp\/v2\/types\/post"}],"author":[{"embeddable":true,"href":"https:\/\/arroyitoonline.com.ar\/index.php?rest_route=\/wp\/v2\/users\/3"}],"replies":[{"embeddable":true,"href":"https:\/\/arroyitoonline.com.ar\/index.php?rest_route=%2Fwp%2Fv2%2Fcomments&post=3693"}],"version-history":[{"count":5,"href":"https:\/\/arroyitoonline.com.ar\/index.php?rest_route=\/wp\/v2\/posts\/3693\/revisions"}],"predecessor-version":[{"id":3700,"href":"https:\/\/arroyitoonline.com.ar\/index.php?rest_route=\/wp\/v2\/posts\/3693\/revisions\/3700"}],"wp:featuredmedia":[{"embeddable":true,"href":"https:\/\/arroyitoonline.com.ar\/index.php?rest_route=\/wp\/v2\/media\/3694"}],"wp:attachment":[{"href":"https:\/\/arroyitoonline.com.ar\/index.php?rest_route=%2Fwp%2Fv2%2Fmedia&parent=3693"}],"wp:term":[{"taxonomy":"category","embeddable":true,"href":"https:\/\/arroyitoonline.com.ar\/index.php?rest_route=%2Fwp%2Fv2%2Fcategories&post=3693"},{"taxonomy":"post_tag","embeddable":true,"href":"https:\/\/arroyitoonline.com.ar\/index.php?rest_route=%2Fwp%2Fv2%2Ftags&post=3693"}],"curies":[{"name":"wp","href":"https:\/\/api.w.org\/{rel}","templated":true}]}}