{"id":3701,"date":"2019-05-14T19:09:49","date_gmt":"2019-05-14T19:09:49","guid":{"rendered":"http:\/\/arroyitoonline.com.ar\/?p=3701"},"modified":"2019-05-14T19:47:33","modified_gmt":"2019-05-14T19:47:33","slug":"a-seis-anos-de-su-muerte-alejo-orellano-fue-recordado-por-su-familia","status":"publish","type":"post","link":"https:\/\/arroyitoonline.com.ar\/?p=3701","title":{"rendered":"A seis a\u00f1os de su muerte, Alejo Orellano fue recordado por su familia"},"content":{"rendered":"\n<p><strong>Los padres del peque\u00f1o dijeron que Alejo falleci\u00f3 <em>&#8220;v\u00edctima de la falta de informaci\u00f3n, sumado al descuido y a la ausencia de medidas de seguridad en las escuelas\u201d, <\/em>y agradecieron las demostraciones de afecto y respeto. <\/strong><br><\/p>\n\n\n\n<p>El 13 de mayo de 2013 quedar\u00e1 marcado para siempre, como una de las p\u00e1ginas m\u00e1s tr\u00e1gicas del calendario local. Es que esa ma\u00f1ana, en el Jard\u00edn Jos\u00e9 Mar\u00eda Paz, falleci\u00f3 Alejo Orellano (4), luego de que cayera sobre \u00e9l, una pesada bobina de papel.<\/p>\n\n\n\n<p>De inmediato, tanto la comunidad educativa como los habitantes de Arroyito se sumieron en un clima de luto, impotencia y desaz\u00f3n. A\u00fan hoy, el hecho es recordado con profunda tristeza y nadie le encuentra explicaci\u00f3n a lo ocurrido. <\/p>\n\n\n\n<p>Luego de la tragedia, su familia, de una fe y fortaleza que inspiran, decidi\u00f3 abocarse a la prevenci\u00f3n de accidentes en el \u00e1mbito escolar. Para ello crearon la prestigiosa Fundaci\u00f3n Infancia Segura, que va por su quinto aniversario logrando el cometido de apadrinar establecimientos educativos de niveles Inicial y Primario, para que quienes asisten a esos lugares est\u00e9n a salvo. <\/p>\n\n\n\n<p>Ayer 13 de mayo se cumpli\u00f3 el sexto aniversario de la p\u00e9rdida de Alejo y el d\u00eda no pas\u00f3 desapercibido para sus progenitores. Por eso, esta ma\u00f1ana, Iv\u00e1n Orellano comparti\u00f3 una foto y agradeci\u00f3 <em>&#8220;en nombre de la familia&#8221;<\/em>, las muestras de afecto, los gestos de cari\u00f1o, y los signos de absoluto respeto que recibieron, al cumplirse <em>&#8220;seis a\u00f1os de la ausencia f\u00edsica de nuestro hijo&#8221;<\/em>.<\/p>\n\n\n\n<p><em>&#8220;V\u00edctima de la falta de informaci\u00f3n, sumado al descuido y a la ausencia de medidas de seguridad en las escuelas, Alejo perd\u00eda la vida. Que este lamentable pero evitable hecho nos sirva como sociedad para reflexionar, comprometernos y reivindicar los derechos del ni\u00f1o. No subestimar y poner siempre en relieve la vulnerabilidad de nuestros peque\u00f1os&#8221;<\/em>, finaliz\u00f3 Iv\u00e1n, enviando <em>&#8220;bendiciones a todos&#8221;<\/em> y sumando al mensaje a su esposa y mam\u00e1 de Alejo, Luciana Guevara. <\/p>\n","protected":false},"excerpt":{"rendered":"<p>Los padres del peque\u00f1o dijeron que Alejo falleci\u00f3 &#8220;v\u00edctima de la falta de informaci\u00f3n, sumado al descuido y a la&hellip;<\/p>\n","protected":false},"author":3,"featured_media":3703,"comment_status":"closed","ping_status":"open","sticky":false,"template":"","format":"standard","meta":{"footnotes":""},"categories":[866],"tags":[959,66,67,836,548,572,958],"class_list":["post-3701","post","type-post","status-publish","format-standard","has-post-thumbnail","hentry","category-historias-online","tag-alejo","tag-arroyito","tag-arroyito-cordoba","tag-arroyito-online","tag-muerte","tag-noticias-de-arroyito-y-zona","tag-tragedia"],"_links":{"self":[{"href":"https:\/\/arroyitoonline.com.ar\/index.php?rest_route=\/wp\/v2\/posts\/3701","targetHints":{"allow":["GET"]}}],"collection":[{"href":"https:\/\/arroyitoonline.com.ar\/index.php?rest_route=\/wp\/v2\/posts"}],"about":[{"href":"https:\/\/arroyitoonline.com.ar\/index.php?rest_route=\/wp\/v2\/types\/post"}],"author":[{"embeddable":true,"href":"https:\/\/arroyitoonline.com.ar\/index.php?rest_route=\/wp\/v2\/users\/3"}],"replies":[{"embeddable":true,"href":"https:\/\/arroyitoonline.com.ar\/index.php?rest_route=%2Fwp%2Fv2%2Fcomments&post=3701"}],"version-history":[{"count":3,"href":"https:\/\/arroyitoonline.com.ar\/index.php?rest_route=\/wp\/v2\/posts\/3701\/revisions"}],"predecessor-version":[{"id":3706,"href":"https:\/\/arroyitoonline.com.ar\/index.php?rest_route=\/wp\/v2\/posts\/3701\/revisions\/3706"}],"wp:featuredmedia":[{"embeddable":true,"href":"https:\/\/arroyitoonline.com.ar\/index.php?rest_route=\/wp\/v2\/media\/3703"}],"wp:attachment":[{"href":"https:\/\/arroyitoonline.com.ar\/index.php?rest_route=%2Fwp%2Fv2%2Fmedia&parent=3701"}],"wp:term":[{"taxonomy":"category","embeddable":true,"href":"https:\/\/arroyitoonline.com.ar\/index.php?rest_route=%2Fwp%2Fv2%2Fcategories&post=3701"},{"taxonomy":"post_tag","embeddable":true,"href":"https:\/\/arroyitoonline.com.ar\/index.php?rest_route=%2Fwp%2Fv2%2Ftags&post=3701"}],"curies":[{"name":"wp","href":"https:\/\/api.w.org\/{rel}","templated":true}]}}