{"id":3713,"date":"2019-05-15T03:19:39","date_gmt":"2019-05-15T03:19:39","guid":{"rendered":"http:\/\/arroyitoonline.com.ar\/?p=3713"},"modified":"2019-05-15T03:19:41","modified_gmt":"2019-05-15T03:19:41","slug":"la-muni-convoca-a-medicos-para-la-integracion-de-la-junta-de-discapacidad","status":"publish","type":"post","link":"https:\/\/arroyitoonline.com.ar\/?p=3713","title":{"rendered":"La Muni convoca a m\u00e9dicos para la integraci\u00f3n de la Junta de Discapacidad"},"content":{"rendered":"\n<p><strong>Los curriculum deben acercarse a Asesor\u00eda Letrada del Municipio, hasta el viernes 17.<\/strong><\/p>\n\n\n\n<p>La Municipalidad de Arroyito convoca a los profesionales m\u00e9dicos domiciliados en esta ciudad, para la elecci\u00f3n de un m\u00e9dico que integre la Junta Municipal de Discapacidad.<\/p>\n\n\n\n<p>El horario que deber\u00e1 cumplir en la actividad es de tres horas semanales, de 14:00 a 17:00, en d\u00eda a definirse. <\/p>\n\n\n\n<p>Los interesados deber\u00e1n presentarse en Asesor\u00eda Letrada de la Municipalidad acompa\u00f1ados de su Curriculum Vitae en sobre cerrado, hasta el viernes 17\/05\/2019.\u00a0<\/p>\n\n\n\n<p>Fuente: Prensa Municipal.<\/p>\n","protected":false},"excerpt":{"rendered":"<p>Los curriculum deben acercarse a Asesor\u00eda Letrada del Municipio, hasta el viernes 17. La Municipalidad de Arroyito convoca a los&hellip;<\/p>\n","protected":false},"author":3,"featured_media":3714,"comment_status":"closed","ping_status":"open","sticky":false,"template":"","format":"standard","meta":{"footnotes":""},"categories":[9],"tags":[66,67,836,296,868,555,556,572,706],"class_list":["post-3713","post","type-post","status-publish","format-standard","has-post-thumbnail","hentry","category-infosalud","tag-arroyito","tag-arroyito-cordoba","tag-arroyito-online","tag-discapacidad","tag-municipales-online","tag-municipalidad","tag-municipalidad-de-arroyito","tag-noticias-de-arroyito-y-zona","tag-salud"],"_links":{"self":[{"href":"https:\/\/arroyitoonline.com.ar\/index.php?rest_route=\/wp\/v2\/posts\/3713","targetHints":{"allow":["GET"]}}],"collection":[{"href":"https:\/\/arroyitoonline.com.ar\/index.php?rest_route=\/wp\/v2\/posts"}],"about":[{"href":"https:\/\/arroyitoonline.com.ar\/index.php?rest_route=\/wp\/v2\/types\/post"}],"author":[{"embeddable":true,"href":"https:\/\/arroyitoonline.com.ar\/index.php?rest_route=\/wp\/v2\/users\/3"}],"replies":[{"embeddable":true,"href":"https:\/\/arroyitoonline.com.ar\/index.php?rest_route=%2Fwp%2Fv2%2Fcomments&post=3713"}],"version-history":[{"count":1,"href":"https:\/\/arroyitoonline.com.ar\/index.php?rest_route=\/wp\/v2\/posts\/3713\/revisions"}],"predecessor-version":[{"id":3715,"href":"https:\/\/arroyitoonline.com.ar\/index.php?rest_route=\/wp\/v2\/posts\/3713\/revisions\/3715"}],"wp:featuredmedia":[{"embeddable":true,"href":"https:\/\/arroyitoonline.com.ar\/index.php?rest_route=\/wp\/v2\/media\/3714"}],"wp:attachment":[{"href":"https:\/\/arroyitoonline.com.ar\/index.php?rest_route=%2Fwp%2Fv2%2Fmedia&parent=3713"}],"wp:term":[{"taxonomy":"category","embeddable":true,"href":"https:\/\/arroyitoonline.com.ar\/index.php?rest_route=%2Fwp%2Fv2%2Fcategories&post=3713"},{"taxonomy":"post_tag","embeddable":true,"href":"https:\/\/arroyitoonline.com.ar\/index.php?rest_route=%2Fwp%2Fv2%2Ftags&post=3713"}],"curies":[{"name":"wp","href":"https:\/\/api.w.org\/{rel}","templated":true}]}}