{"id":3723,"date":"2019-05-16T18:41:25","date_gmt":"2019-05-16T18:41:25","guid":{"rendered":"http:\/\/arroyitoonline.com.ar\/?p=3723"},"modified":"2019-05-16T18:42:33","modified_gmt":"2019-05-16T18:42:33","slug":"lafarina-visito-juarez-celman-con-la-mira-puesta-en-el-campus-universitario-este","status":"publish","type":"post","link":"https:\/\/arroyitoonline.com.ar\/?p=3723","title":{"rendered":"Lafarina visit\u00f3 Ju\u00e1rez Celman, con la mira puesta en el Campus Universitario Este"},"content":{"rendered":"\n<p><strong>Se reuni\u00f3 con su intendenta, para intercambiar datos sobre el Campus Norte, ya que el precandidato radical quiere que se implemente en Arroyito\u00a0un\u00a0proyecto\u00a0similar.<\/strong><\/p>\n\n\n\n<p>D\u00edas pasados, el precandidato a intendente Daniel Lafarina visit\u00f3 Estaci\u00f3n Ju\u00e1rez Celman para reunirse con la intendenta local, Myrian Prunotto, y miembros de su equipo. En la oportunidad, el elegido de Mauricio Cravero para sucederlo en el cargo, estuvo acompa\u00f1ado por Viviana Vercelli \u2013quien podr\u00eda ser su compa\u00f1era de f\u00f3rmula- y por el director municipal de Deportes Gustavo Pecchio. <\/p>\n\n\n\n<p>En el encuentro, Lafarina se interioriz\u00f3 sobre los alcances\ny objetivos del proyecto de Campus Norte, que desarrolla la Universidad\nNacional de C\u00f3rdoba en forma conjunta con el municipio de esa localidad y otros\norganismos nacionales y provinciales.<\/p>\n\n\n\n<p>Como lo ha venido manifestando en anteriores ocasiones y\nreuniones, el inter\u00e9s principal del ingeniero es que se replique la iniciativa\nen Arroyito, donde pretende la construcci\u00f3n del Campus Este.<\/p>\n\n\n\n<p>En la ocasi\u00f3n, la intendenta Prunotto describi\u00f3 con detalle\nel proyecto del Campus Norte, relat\u00f3 la historia de tan significativo logro\npara su ciudad y traz\u00f3 un posible camino para que la nuestra pueda lograr algo\nsimilar.<\/p>\n\n\n\n<p>Por su parte, Daniel relat\u00f3 que ya mantuvo reuniones con altas autoridades de la UNC, entre ellos el decano de la Facultad de Agronom\u00eda, Marcelo Conrero, y <a href=\"http:\/\/arroyitoonline.com.ar\/info-online\/politica\/lafarina-se-reunio-con-el-decano-de-economicas-de-la-unc-y-prometio-el-campus-este\/\">su par de Ciencias Econ\u00f3micas, Jhon Boretto<\/a>, quienes le manifestaron que apoyar\u00e1n la iniciativa toda vez que coincide con objetivos de extensi\u00f3n y expansi\u00f3n de la mayor universidad cordobesa.<\/p>\n\n\n\n<p>El encuentro sirvi\u00f3 tambi\u00e9n para intercambiar experiencias\npositivas de ambos gobiernos municipales y se establecieron compromisos\nrec\u00edprocos de colaboraci\u00f3n.<\/p>\n\n\n\n<p><em>\u201cYa sabemos que Arroyito vive una transformaci\u00f3n hist\u00f3rica, con obras imparables. Ahora, nuestro objetivo es que los arroyitenses podamos capacitarnos con un acceso igualitario a la educaci\u00f3n, que nos permita estar a la altura del progreso que se viene\u201d<\/em>, remarc\u00f3 Lafarina, sobre su visita a Ju\u00e1rez Celman. <\/p>\n\n\n\n<p>Fuente: Gobierno de la ciudad de Ju\u00e1rez Celman. \n\n\n\n\n\nh-TW<\/p>\n","protected":false},"excerpt":{"rendered":"<p>Se reuni\u00f3 con su intendenta, para intercambiar datos sobre el Campus Norte, ya que el precandidato radical quiere que se&hellip;<\/p>\n","protected":false},"author":3,"featured_media":3724,"comment_status":"closed","ping_status":"open","sticky":false,"template":"","format":"standard","meta":{"footnotes":""},"categories":[830,8],"tags":[66,67,836,960,961,310,318,837,556,572,640,907],"class_list":["post-3723","post","type-post","status-publish","format-standard","has-post-thumbnail","hentry","category-educacion-online","category-politica","tag-arroyito","tag-arroyito-cordoba","tag-arroyito-online","tag-ca","tag-campus-este","tag-educacion","tag-elecciones","tag-lafarina","tag-municipalidad-de-arroyito","tag-noticias-de-arroyito-y-zona","tag-politica","tag-universidad-popular"],"_links":{"self":[{"href":"https:\/\/arroyitoonline.com.ar\/index.php?rest_route=\/wp\/v2\/posts\/3723","targetHints":{"allow":["GET"]}}],"collection":[{"href":"https:\/\/arroyitoonline.com.ar\/index.php?rest_route=\/wp\/v2\/posts"}],"about":[{"href":"https:\/\/arroyitoonline.com.ar\/index.php?rest_route=\/wp\/v2\/types\/post"}],"author":[{"embeddable":true,"href":"https:\/\/arroyitoonline.com.ar\/index.php?rest_route=\/wp\/v2\/users\/3"}],"replies":[{"embeddable":true,"href":"https:\/\/arroyitoonline.com.ar\/index.php?rest_route=%2Fwp%2Fv2%2Fcomments&post=3723"}],"version-history":[{"count":2,"href":"https:\/\/arroyitoonline.com.ar\/index.php?rest_route=\/wp\/v2\/posts\/3723\/revisions"}],"predecessor-version":[{"id":3727,"href":"https:\/\/arroyitoonline.com.ar\/index.php?rest_route=\/wp\/v2\/posts\/3723\/revisions\/3727"}],"wp:featuredmedia":[{"embeddable":true,"href":"https:\/\/arroyitoonline.com.ar\/index.php?rest_route=\/wp\/v2\/media\/3724"}],"wp:attachment":[{"href":"https:\/\/arroyitoonline.com.ar\/index.php?rest_route=%2Fwp%2Fv2%2Fmedia&parent=3723"}],"wp:term":[{"taxonomy":"category","embeddable":true,"href":"https:\/\/arroyitoonline.com.ar\/index.php?rest_route=%2Fwp%2Fv2%2Fcategories&post=3723"},{"taxonomy":"post_tag","embeddable":true,"href":"https:\/\/arroyitoonline.com.ar\/index.php?rest_route=%2Fwp%2Fv2%2Ftags&post=3723"}],"curies":[{"name":"wp","href":"https:\/\/api.w.org\/{rel}","templated":true}]}}