{"id":3761,"date":"2019-05-16T16:01:13","date_gmt":"2019-05-16T16:01:13","guid":{"rendered":"http:\/\/arroyitoonline.com.ar\/?p=3761"},"modified":"2019-05-19T16:46:33","modified_gmt":"2019-05-19T16:46:33","slug":"se-viene-el-2o-encuentro-nacional-e-internacional-de-autos-antiguos","status":"publish","type":"post","link":"https:\/\/arroyitoonline.com.ar\/?p=3761","title":{"rendered":"Se viene el 2\u00ba Encuentro Nacional e Internacional de Autos Antiguos"},"content":{"rendered":"\n<p><strong>El cronograma contempla exposiciones est\u00e1ticas y paseos por la ciudad. <\/strong><\/p>\n\n\n\n<p>Los d\u00edas viernes 17 y s\u00e1bado 18, en el marco de la Semana de Mayo, se desarrollar\u00e1 en Arroyito, el 2\u00ba Encuentro Nacional e Internacional de Autos Antiguos. <\/p>\n\n\n\n<p><strong>CRONOGRAMA DE ACTIVIDADES<\/strong><\/p>\n\n\n\n<p>El viernes, desde las 15:00 horas, comenzar\u00e1n a llegar los autos antiguos de distintas provincias, como La Pampa, Buenos Aires, Entre R\u00edos, Santa Fe, La Rioja y much\u00edsimos de C\u00f3rdoba.<\/p>\n\n\n\n<p>Sobre la calle Rivadavia se har\u00e1 la&nbsp;exposici\u00f3n est\u00e1tica, que culminar\u00e1 con un paseo nocturno a las 18.30 horas, recorriendo el sector c\u00e9ntrico, por donde estas joyas de colecci\u00f3n se lucir\u00e1n y har\u00e1n sonar sus bocinas para transportar a los vecinos a una verdadera estampa de \u00e9poca.<\/p>\n\n\n\n<p>Por su parte, el s\u00e1bado, las actividades empezar\u00e1n a las 8.30 horas, frente a la Municipalidad con una breve est\u00e1tica, donde se har\u00e1 una aleg\u00f3rica intervenci\u00f3n art\u00edstica por el D\u00eda de la Escarapela. De all\u00ed&nbsp;se concretar\u00e1 un paseo diurno por la ciudad que culminar\u00e1 en la zona de los nuevos quinchos municipales -desembocadura de la calle San Mart\u00edn-, donde est\u00e1 previsto, si el tiempo acompa\u00f1a, que se tome una foto grupal con todos los autos antiguos, alrededor de las 9:00 horas.<\/p>\n\n\n\n<p>De all\u00ed se iniciar\u00e1 una caravana hacia la Comuna de Toro Pujio,&nbsp; regresando a Arroyito cerca de las 16:00 horas, para el desarrollo de una expo est\u00e1tica en Plaza 25 de Mayo.<\/p>\n\n\n\n<p>Fuente: Prensa Municipal. <\/p>\n","protected":false},"excerpt":{"rendered":"<p>El cronograma contempla exposiciones est\u00e1ticas y paseos por la ciudad. Los d\u00edas viernes 17 y s\u00e1bado 18, en el marco&hellip;<\/p>\n","protected":false},"author":3,"featured_media":3762,"comment_status":"closed","ping_status":"open","sticky":false,"template":"","format":"standard","meta":{"footnotes":""},"categories":[2],"tags":[66,67,836,84,864,555,556,572],"class_list":["post-3761","post","type-post","status-publish","format-standard","has-post-thumbnail","hentry","category-cultura-y-espectaculos","tag-arroyito","tag-arroyito-cordoba","tag-arroyito-online","tag-automotor","tag-cultura-y-espectaculos-online","tag-municipalidad","tag-municipalidad-de-arroyito","tag-noticias-de-arroyito-y-zona"],"_links":{"self":[{"href":"https:\/\/arroyitoonline.com.ar\/index.php?rest_route=\/wp\/v2\/posts\/3761","targetHints":{"allow":["GET"]}}],"collection":[{"href":"https:\/\/arroyitoonline.com.ar\/index.php?rest_route=\/wp\/v2\/posts"}],"about":[{"href":"https:\/\/arroyitoonline.com.ar\/index.php?rest_route=\/wp\/v2\/types\/post"}],"author":[{"embeddable":true,"href":"https:\/\/arroyitoonline.com.ar\/index.php?rest_route=\/wp\/v2\/users\/3"}],"replies":[{"embeddable":true,"href":"https:\/\/arroyitoonline.com.ar\/index.php?rest_route=%2Fwp%2Fv2%2Fcomments&post=3761"}],"version-history":[{"count":3,"href":"https:\/\/arroyitoonline.com.ar\/index.php?rest_route=\/wp\/v2\/posts\/3761\/revisions"}],"predecessor-version":[{"id":3765,"href":"https:\/\/arroyitoonline.com.ar\/index.php?rest_route=\/wp\/v2\/posts\/3761\/revisions\/3765"}],"wp:featuredmedia":[{"embeddable":true,"href":"https:\/\/arroyitoonline.com.ar\/index.php?rest_route=\/wp\/v2\/media\/3762"}],"wp:attachment":[{"href":"https:\/\/arroyitoonline.com.ar\/index.php?rest_route=%2Fwp%2Fv2%2Fmedia&parent=3761"}],"wp:term":[{"taxonomy":"category","embeddable":true,"href":"https:\/\/arroyitoonline.com.ar\/index.php?rest_route=%2Fwp%2Fv2%2Fcategories&post=3761"},{"taxonomy":"post_tag","embeddable":true,"href":"https:\/\/arroyitoonline.com.ar\/index.php?rest_route=%2Fwp%2Fv2%2Ftags&post=3761"}],"curies":[{"name":"wp","href":"https:\/\/api.w.org\/{rel}","templated":true}]}}