{"id":3767,"date":"2019-05-20T03:06:15","date_gmt":"2019-05-20T03:06:15","guid":{"rendered":"http:\/\/arroyitoonline.com.ar\/?p=3767"},"modified":"2019-05-20T03:06:31","modified_gmt":"2019-05-20T03:06:31","slug":"la-poda-de-arboles-debe-autorizarse-en-el-departamento-de-ambiente","status":"publish","type":"post","link":"https:\/\/arroyitoonline.com.ar\/?p=3767","title":{"rendered":"La poda de \u00e1rboles debe autorizarse en el Departamento de Ambiente"},"content":{"rendered":"\n<p><strong>El pedido y autorizaci\u00f3n de la correspondiente planilla debe realizarse en esa \u00e1rea municipal. De lo contrario se cobrar\u00e1 multa. <\/strong><\/p>\n\n\n\n<p>Desde el Municipio informaron que debe realizarse el pedido de\u00a0la planilla de solicitud de poda correctiva o extracci\u00f3n de \u00e1rboles y autorizarla para la concreci\u00f3n de esa tarea. El tr\u00e1mite se gestiona en el departamento de Habilitaciones de Comercio, Ambiente y Bromatolog\u00eda ubicado en Rivadavia 380.<\/p>\n\n\n\n<p>La falta de la correspondiente planilla para el mochado o poda destructiva acarrear\u00e1 el labrado del acta de constataci\u00f3n correspondiente (multa).<\/p>\n\n\n\n<p>Seg\u00fan la Ordenanza N\u00ba 1622 &#8211; 1626 \/2.013 queda prohibido a toda persona f\u00edsica o jur\u00eddica, p\u00fablica o privada, el corte, poda, tala, eliminaci\u00f3n y destrucci\u00f3n total o parcial del arbolado p\u00fablico. Desde la dependencia municipal a cargo del tema insisten con este tema, ya que son muchas las actas labradas a vecinos que realizan poda destructiva de los \u00e1rboles, sin asesorarse antes. <\/p>\n\n\n\n<p><em>&#8220;Entre todos debemos\u00a0cuidar nuestros \u00e1rboles, para poder dejarles un medio ambiente m\u00e1s seguro a nuestros hijos&#8221;<\/em>, remarcaron.<\/p>\n\n\n\n<p>Fuente: Prensa Municipal.<\/p>\n\n\n\n<p>Foto solo a modo ilustrativo. <\/p>\n","protected":false},"excerpt":{"rendered":"<p>El pedido y autorizaci\u00f3n de la correspondiente planilla debe realizarse en esa \u00e1rea municipal. De lo contrario se cobrar\u00e1 multa.&hellip;<\/p>\n","protected":false},"author":3,"featured_media":3768,"comment_status":"closed","ping_status":"open","sticky":false,"template":"","format":"standard","meta":{"footnotes":""},"categories":[913],"tags":[51,66,67,836,258,528,555,556,572,632],"class_list":["post-3767","post","type-post","status-publish","format-standard","has-post-thumbnail","hentry","category-medio-ambiente","tag-ambiente","tag-arroyito","tag-arroyito-cordoba","tag-arroyito-online","tag-cuidado-del-medio-ambiente","tag-medio-ambiente","tag-municipalidad","tag-municipalidad-de-arroyito","tag-noticias-de-arroyito-y-zona","tag-poda"],"_links":{"self":[{"href":"https:\/\/arroyitoonline.com.ar\/index.php?rest_route=\/wp\/v2\/posts\/3767","targetHints":{"allow":["GET"]}}],"collection":[{"href":"https:\/\/arroyitoonline.com.ar\/index.php?rest_route=\/wp\/v2\/posts"}],"about":[{"href":"https:\/\/arroyitoonline.com.ar\/index.php?rest_route=\/wp\/v2\/types\/post"}],"author":[{"embeddable":true,"href":"https:\/\/arroyitoonline.com.ar\/index.php?rest_route=\/wp\/v2\/users\/3"}],"replies":[{"embeddable":true,"href":"https:\/\/arroyitoonline.com.ar\/index.php?rest_route=%2Fwp%2Fv2%2Fcomments&post=3767"}],"version-history":[{"count":2,"href":"https:\/\/arroyitoonline.com.ar\/index.php?rest_route=\/wp\/v2\/posts\/3767\/revisions"}],"predecessor-version":[{"id":3770,"href":"https:\/\/arroyitoonline.com.ar\/index.php?rest_route=\/wp\/v2\/posts\/3767\/revisions\/3770"}],"wp:featuredmedia":[{"embeddable":true,"href":"https:\/\/arroyitoonline.com.ar\/index.php?rest_route=\/wp\/v2\/media\/3768"}],"wp:attachment":[{"href":"https:\/\/arroyitoonline.com.ar\/index.php?rest_route=%2Fwp%2Fv2%2Fmedia&parent=3767"}],"wp:term":[{"taxonomy":"category","embeddable":true,"href":"https:\/\/arroyitoonline.com.ar\/index.php?rest_route=%2Fwp%2Fv2%2Fcategories&post=3767"},{"taxonomy":"post_tag","embeddable":true,"href":"https:\/\/arroyitoonline.com.ar\/index.php?rest_route=%2Fwp%2Fv2%2Ftags&post=3767"}],"curies":[{"name":"wp","href":"https:\/\/api.w.org\/{rel}","templated":true}]}}