{"id":3771,"date":"2019-05-09T15:08:08","date_gmt":"2019-05-09T15:08:08","guid":{"rendered":"http:\/\/arroyitoonline.com.ar\/?p=3771"},"modified":"2019-05-20T03:18:29","modified_gmt":"2019-05-20T03:18:29","slug":"uepc-inauguro-la-sede-de-su-subdelegacion-arroyito","status":"publish","type":"post","link":"https:\/\/arroyitoonline.com.ar\/?p=3771","title":{"rendered":"UEPC inaugur\u00f3 la sede de su Subdelegaci\u00f3n Arroyito"},"content":{"rendered":"\n<p><strong>Se encuentra ubicada en Belgrano 1063 y cuenta con m\u00e1s de 400 afiliados entre activos y jubilados. <\/strong><\/p>\n\n\n\n<p>Este mi\u00e9rcoles 8 inauguraron la tercera Subdelegaci\u00f3n de la Uni\u00f3n de Educadores de la Provincia de C\u00f3rdoba (UEPC) del Departamento San Justo, ubicada en Belgrano 1063, de nuestra ciudad. <\/p>\n\n\n\n<p>En la oportunidad, estuvo presente el intendente Mauricio Cravero acompa\u00f1ado por su secretaria privada Marcela Ferreyra, adem\u00e1s del secretario General del gremio Juan Monserrat, la\u00a0secretaria\u00a0General UEPC San Justo Fabiana Nocco, la integrante del directorio de Apross Graciela Fontanesi, el secretario de Organizaci\u00f3n de UEPC Roberto Cristali, Estela Fauda, Fabi\u00e1n Mazzola, Oscar Frontroth y Omar Gari.<\/p>\n\n\n\n<p>Tambi\u00e9n participaron representantes de la Inspecci\u00f3n Nivel Primario Zona 2320, Soema, SEP, Cispren, delegados gremiales de Balnearia, San Francisco, Morteros, Miramar, las Varillas, docentes jubilados, autoridades eclesi\u00e1sticas y\u00a0p\u00fablico en general.<\/p>\n\n\n\n<p>La zona que abarca esta Subdelegaci\u00f3n est\u00e1 compuesta por las localidades de\u00a0Arroyito, Tr\u00e1nsito, La Tordilla, El T\u00edo y Villa Concepci\u00f3n y cuenta con m\u00e1s de 400 afiliados entre activos y jubilados.<\/p>\n\n\n\n<p>En la sede funcionan tres espacios: oficina privada donde se prestar\u00e1n servicios de salud, oficina de Recepci\u00f3n donde se atender\u00e1 toda la cuesti\u00f3n administrativa y sal\u00f3n multiusos para el dictado de talleres a jubilados y\u00a0cursos de capacitaci\u00f3n a los activos.<\/p>\n\n\n\n<p>Fuente: Prensa Municipal. <\/p>\n","protected":false},"excerpt":{"rendered":"<p>Se encuentra ubicada en Belgrano 1063 y cuenta con m\u00e1s de 400 afiliados entre activos y jubilados. Este mi\u00e9rcoles 8&hellip;<\/p>\n","protected":false},"author":3,"featured_media":3772,"comment_status":"closed","ping_status":"open","sticky":false,"template":"","format":"standard","meta":{"footnotes":""},"categories":[830],"tags":[66,67,836,299,310,572,780],"class_list":["post-3771","post","type-post","status-publish","format-standard","has-post-thumbnail","hentry","category-educacion-online","tag-arroyito","tag-arroyito-cordoba","tag-arroyito-online","tag-docentes","tag-educacion","tag-noticias-de-arroyito-y-zona","tag-uepc"],"_links":{"self":[{"href":"https:\/\/arroyitoonline.com.ar\/index.php?rest_route=\/wp\/v2\/posts\/3771","targetHints":{"allow":["GET"]}}],"collection":[{"href":"https:\/\/arroyitoonline.com.ar\/index.php?rest_route=\/wp\/v2\/posts"}],"about":[{"href":"https:\/\/arroyitoonline.com.ar\/index.php?rest_route=\/wp\/v2\/types\/post"}],"author":[{"embeddable":true,"href":"https:\/\/arroyitoonline.com.ar\/index.php?rest_route=\/wp\/v2\/users\/3"}],"replies":[{"embeddable":true,"href":"https:\/\/arroyitoonline.com.ar\/index.php?rest_route=%2Fwp%2Fv2%2Fcomments&post=3771"}],"version-history":[{"count":1,"href":"https:\/\/arroyitoonline.com.ar\/index.php?rest_route=\/wp\/v2\/posts\/3771\/revisions"}],"predecessor-version":[{"id":3773,"href":"https:\/\/arroyitoonline.com.ar\/index.php?rest_route=\/wp\/v2\/posts\/3771\/revisions\/3773"}],"wp:featuredmedia":[{"embeddable":true,"href":"https:\/\/arroyitoonline.com.ar\/index.php?rest_route=\/wp\/v2\/media\/3772"}],"wp:attachment":[{"href":"https:\/\/arroyitoonline.com.ar\/index.php?rest_route=%2Fwp%2Fv2%2Fmedia&parent=3771"}],"wp:term":[{"taxonomy":"category","embeddable":true,"href":"https:\/\/arroyitoonline.com.ar\/index.php?rest_route=%2Fwp%2Fv2%2Fcategories&post=3771"},{"taxonomy":"post_tag","embeddable":true,"href":"https:\/\/arroyitoonline.com.ar\/index.php?rest_route=%2Fwp%2Fv2%2Ftags&post=3771"}],"curies":[{"name":"wp","href":"https:\/\/api.w.org\/{rel}","templated":true}]}}