{"id":3774,"date":"2019-05-10T15:21:43","date_gmt":"2019-05-10T15:21:43","guid":{"rendered":"http:\/\/arroyitoonline.com.ar\/?p=3774"},"modified":"2019-05-20T03:28:12","modified_gmt":"2019-05-20T03:28:12","slug":"arroyito-participo-del-congreso-la-convencion-de-los-derechos-de-las-ninas-y-los-ninos","status":"publish","type":"post","link":"https:\/\/arroyitoonline.com.ar\/?p=3774","title":{"rendered":"Arroyito particip\u00f3 del Congreso La Convenci\u00f3n de los Derechos de las Ni\u00f1as y los Ni\u00f1os"},"content":{"rendered":"\n<p><strong>El encuentro, que se desarroll\u00f3 bajo la modalidad de conversatorios con panelistas, se concret\u00f3 en la ciudad de La Plata. <\/strong><\/p>\n\n\n\n<p>El fin de semana pasado, la coordinadora del Consejo de Ni\u00f1as y Ni\u00f1os, Mariana Italiano, particip\u00f3 del Primer Congreso La Convenci\u00f3n de los Derechos de las Ni\u00f1as y de los Ni\u00f1os que se desarroll\u00f3 en la ciudad de La Plata, a 30 a\u00f1os de su promulgaci\u00f3n.<\/p>\n\n\n\n<p>El evento fue declarado de Inter\u00e9s por la Universidad Nacional de La Plata y la Municipalidad de la ciudad de las diagonales. El encuentro se realiz\u00f3 bajo la modalidad de Conversatorios con participaci\u00f3n de panelistas, miembros de la Red de Ciudades Argentinas y p\u00fablico en general.<\/p>\n\n\n\n<p>Los principales temas trabajados fueron: promoci\u00f3n del conocimiento, respeto y garant\u00eda de que se observen todos los derechos que la CIDN establece en nombre de los ni\u00f1os\/as.<\/p>\n\n\n\n<p>Adem\u00e1s se difundieron diferentes experiencias y propuestas participativas en las distintas ciudades. Arroyito tambi\u00e9n tuvo su intervenci\u00f3n compartiendo el proceso de participaci\u00f3n que concreta el Consejo de ni\u00f1as y ni\u00f1os de nuestra ciudad.\u00a0<\/p>\n\n\n\n<p>Sobre el final se generaron espacios urbanos para pr\u00f3ximos encuentros e intercambios, derecho al juego libre, derecho a la ciudad.<\/p>\n\n\n\n<p><em>&#8220;Esta invitaci\u00f3n fue una muy buena noticia y se convierte en un paso m\u00e1s hacia el fortalecimiento de Arroyito como Ciudad Amiga de Ni\u00f1as, Ni\u00f1os y Adolescentes&#8221;<\/em>, remarcaron los representantes locales. <\/p>\n\n\n\n<p>Fuente: Prensa Municipal. <\/p>\n","protected":false},"excerpt":{"rendered":"<p>El encuentro, que se desarroll\u00f3 bajo la modalidad de conversatorios con panelistas, se concret\u00f3 en la ciudad de La Plata.&hellip;<\/p>\n","protected":false},"author":3,"featured_media":3775,"comment_status":"closed","ping_status":"open","sticky":false,"template":"","format":"standard","meta":{"footnotes":""},"categories":[962],"tags":[66,67,836,233,556,570,572],"class_list":["post-3774","post","type-post","status-publish","format-standard","has-post-thumbnail","hentry","category-ninez-y-adolescencia","tag-arroyito","tag-arroyito-cordoba","tag-arroyito-online","tag-consejo-de-ninos","tag-municipalidad-de-arroyito","tag-ninez","tag-noticias-de-arroyito-y-zona"],"_links":{"self":[{"href":"https:\/\/arroyitoonline.com.ar\/index.php?rest_route=\/wp\/v2\/posts\/3774","targetHints":{"allow":["GET"]}}],"collection":[{"href":"https:\/\/arroyitoonline.com.ar\/index.php?rest_route=\/wp\/v2\/posts"}],"about":[{"href":"https:\/\/arroyitoonline.com.ar\/index.php?rest_route=\/wp\/v2\/types\/post"}],"author":[{"embeddable":true,"href":"https:\/\/arroyitoonline.com.ar\/index.php?rest_route=\/wp\/v2\/users\/3"}],"replies":[{"embeddable":true,"href":"https:\/\/arroyitoonline.com.ar\/index.php?rest_route=%2Fwp%2Fv2%2Fcomments&post=3774"}],"version-history":[{"count":1,"href":"https:\/\/arroyitoonline.com.ar\/index.php?rest_route=\/wp\/v2\/posts\/3774\/revisions"}],"predecessor-version":[{"id":3776,"href":"https:\/\/arroyitoonline.com.ar\/index.php?rest_route=\/wp\/v2\/posts\/3774\/revisions\/3776"}],"wp:featuredmedia":[{"embeddable":true,"href":"https:\/\/arroyitoonline.com.ar\/index.php?rest_route=\/wp\/v2\/media\/3775"}],"wp:attachment":[{"href":"https:\/\/arroyitoonline.com.ar\/index.php?rest_route=%2Fwp%2Fv2%2Fmedia&parent=3774"}],"wp:term":[{"taxonomy":"category","embeddable":true,"href":"https:\/\/arroyitoonline.com.ar\/index.php?rest_route=%2Fwp%2Fv2%2Fcategories&post=3774"},{"taxonomy":"post_tag","embeddable":true,"href":"https:\/\/arroyitoonline.com.ar\/index.php?rest_route=%2Fwp%2Fv2%2Ftags&post=3774"}],"curies":[{"name":"wp","href":"https:\/\/api.w.org\/{rel}","templated":true}]}}