{"id":3777,"date":"2019-05-20T03:34:55","date_gmt":"2019-05-20T03:34:55","guid":{"rendered":"http:\/\/arroyitoonline.com.ar\/?p=3777"},"modified":"2019-05-20T03:34:59","modified_gmt":"2019-05-20T03:34:59","slug":"el-fondo-nacional-de-las-artes-brindo-una-conferencia","status":"publish","type":"post","link":"https:\/\/arroyitoonline.com.ar\/?p=3777","title":{"rendered":"El Fondo Nacional de las Artes brind\u00f3 una conferencia"},"content":{"rendered":"\n<p><strong>Los asistentes conocieron los beneficios que, a trav\u00e9s del FNA, se ofrecen a quienes se registren en www.fnartes.gob.ar.<\/strong><\/p>\n\n\n\n<p>Este mi\u00e9rcoles 15 de mayo, en el Punto Digital de la Casa de la Cultura, la representante del\u00a0Fondo Nacional de las Artes (FNA), Florencia Giuli, brind\u00f3 una conferencia.<\/p>\n\n\n\n<p>En la charla, se hizo referencia\u00a0a subsidios, becas, capacitaciones y concursos que, a trav\u00e9s del FNA, pueden gestionarse, dejando bien claro que deben registrarse con anterioridad en www.fnartes.gob.ar, para ingresar en el sistema. <\/p>\n\n\n\n<p>Un importante n\u00famero de personas acudi\u00f3 a esta reuni\u00f3n junto con la prensa local dejando su conformidad al respecto, ya que pudieron conocerse los beneficios que se ofrecen a trav\u00e9s del Fondo.<\/p>\n\n\n\n<p>La directora de Cultura Viviana Sam Sam y el asesor Cultural Gerardo Lemos\u00a0continuar\u00e1n gestando estos espacios de encuentros apoyados\u00a0por el Ejecutivo municipal.<\/p>\n\n\n\n<p>Fuente: Prensa Municipal. <\/p>\n","protected":false},"excerpt":{"rendered":"<p>Los asistentes conocieron los beneficios que, a trav\u00e9s del FNA, se ofrecen a quienes se registren en www.fnartes.gob.ar. Este mi\u00e9rcoles&hellip;<\/p>\n","protected":false},"author":3,"featured_media":3778,"comment_status":"closed","ping_status":"open","sticky":false,"template":"","format":"standard","meta":{"footnotes":""},"categories":[2],"tags":[66,67,836,70,158,259,864,925,572,876],"class_list":["post-3777","post","type-post","status-publish","format-standard","has-post-thumbnail","hentry","category-cultura-y-espectaculos","tag-arroyito","tag-arroyito-cordoba","tag-arroyito-online","tag-arte","tag-casa-de-la-cultura","tag-cultura","tag-cultura-y-espectaculos-online","tag-fondo-nacional-de-las-artes","tag-noticias-de-arroyito-y-zona","tag-punto-digital"],"_links":{"self":[{"href":"https:\/\/arroyitoonline.com.ar\/index.php?rest_route=\/wp\/v2\/posts\/3777","targetHints":{"allow":["GET"]}}],"collection":[{"href":"https:\/\/arroyitoonline.com.ar\/index.php?rest_route=\/wp\/v2\/posts"}],"about":[{"href":"https:\/\/arroyitoonline.com.ar\/index.php?rest_route=\/wp\/v2\/types\/post"}],"author":[{"embeddable":true,"href":"https:\/\/arroyitoonline.com.ar\/index.php?rest_route=\/wp\/v2\/users\/3"}],"replies":[{"embeddable":true,"href":"https:\/\/arroyitoonline.com.ar\/index.php?rest_route=%2Fwp%2Fv2%2Fcomments&post=3777"}],"version-history":[{"count":1,"href":"https:\/\/arroyitoonline.com.ar\/index.php?rest_route=\/wp\/v2\/posts\/3777\/revisions"}],"predecessor-version":[{"id":3779,"href":"https:\/\/arroyitoonline.com.ar\/index.php?rest_route=\/wp\/v2\/posts\/3777\/revisions\/3779"}],"wp:featuredmedia":[{"embeddable":true,"href":"https:\/\/arroyitoonline.com.ar\/index.php?rest_route=\/wp\/v2\/media\/3778"}],"wp:attachment":[{"href":"https:\/\/arroyitoonline.com.ar\/index.php?rest_route=%2Fwp%2Fv2%2Fmedia&parent=3777"}],"wp:term":[{"taxonomy":"category","embeddable":true,"href":"https:\/\/arroyitoonline.com.ar\/index.php?rest_route=%2Fwp%2Fv2%2Fcategories&post=3777"},{"taxonomy":"post_tag","embeddable":true,"href":"https:\/\/arroyitoonline.com.ar\/index.php?rest_route=%2Fwp%2Fv2%2Ftags&post=3777"}],"curies":[{"name":"wp","href":"https:\/\/api.w.org\/{rel}","templated":true}]}}