{"id":3780,"date":"2019-05-20T03:44:36","date_gmt":"2019-05-20T03:44:36","guid":{"rendered":"http:\/\/arroyitoonline.com.ar\/?p=3780"},"modified":"2019-05-20T03:45:38","modified_gmt":"2019-05-20T03:45:38","slug":"la-escuela-de-arroyo-los-leones-cumplio-60-anos","status":"publish","type":"post","link":"https:\/\/arroyitoonline.com.ar\/?p=3780","title":{"rendered":"La Escuela de Arroyo Los Leones cumpli\u00f3 60 a\u00f1os"},"content":{"rendered":"\n<p><strong>La instituci\u00f3n educativa French y Berutti celebr\u00f3 el acontecimiento recordando estos a\u00f1os de cosechas, sue\u00f1os y emociones.<\/strong><\/p>\n\n\n\n<p>El jueves 16 por la ma\u00f1ana, se desarroll\u00f3 el acto conmemorativo del\u00a060\u00b0 Aniversario de la escuela Rural French y Berutti ubicada en Arroyo Los Leones.<\/p>\n\n\n\n<p>Del evento participaron el intendente Mauricio Cravero, miembros del Departamento Ejecutivo, concejales, la ciudadana Ilustre Ana Mar\u00eda \u201cPochi\u201d Medina, alumnos, exalumnos de la primera promoci\u00f3n, docentes del establecimiento, vecinas y vecinos de la zona. <\/p>\n\n\n\n<p>En la oportunidad, el primer mandatario local dirigi\u00f3 unas palabras a la comunidad educativa, felicitando a sus integrantes por <em>&#8220;el gran trabajo realizado en todo en este recorrido&#8221;<\/em>.<\/p>\n\n\n\n<p>Recordemos que, en junio del a\u00f1o 1958, en la vivienda del se\u00f1or Enrique Carrera de Arroyo Los Leones, un grupo de padres y vecinos de la zona se reunieron con el fin de que se conformara una comisi\u00f3n para la gesti\u00f3n de la apertura de una escuela provincial que era de suma necesidad para la colonia. En estos 60 a\u00f1os han habido muchas cosechas, sue\u00f1os, emociones y vidas que pasaron a trav\u00e9s del tiempo.<\/p>\n\n\n\n<p>En otro de los momentos importantes del encuentro, Cravero y la directora del establecimiento Marisabel Gastaldello, descubrieron una placa en alusi\u00f3n al aniversario. En el final, todos los presentes concretaron un abrazo simb\u00f3lico por este nuevo aniversario de la instituci\u00f3n. <\/p>\n\n\n\n<p>Fuente: Prensa Municipal. <\/p>\n","protected":false},"excerpt":{"rendered":"<p>La instituci\u00f3n educativa French y Berutti celebr\u00f3 el acontecimiento recordando estos a\u00f1os de cosechas, sue\u00f1os y emociones. El jueves 16&hellip;<\/p>\n","protected":false},"author":3,"featured_media":3781,"comment_status":"closed","ping_status":"open","sticky":false,"template":"","format":"standard","meta":{"footnotes":""},"categories":[830],"tags":[66,67,836,963,253,310,347,348,527,556,572],"class_list":["post-3780","post","type-post","status-publish","format-standard","has-post-thumbnail","hentry","category-educacion-online","tag-arroyito","tag-arroyito-cordoba","tag-arroyito-online","tag-arroyo-los-leones","tag-cravero","tag-educacion","tag-escuela-rural-french-y-berutti","tag-escuelas","tag-mauricio-cravero","tag-municipalidad-de-arroyito","tag-noticias-de-arroyito-y-zona"],"_links":{"self":[{"href":"https:\/\/arroyitoonline.com.ar\/index.php?rest_route=\/wp\/v2\/posts\/3780","targetHints":{"allow":["GET"]}}],"collection":[{"href":"https:\/\/arroyitoonline.com.ar\/index.php?rest_route=\/wp\/v2\/posts"}],"about":[{"href":"https:\/\/arroyitoonline.com.ar\/index.php?rest_route=\/wp\/v2\/types\/post"}],"author":[{"embeddable":true,"href":"https:\/\/arroyitoonline.com.ar\/index.php?rest_route=\/wp\/v2\/users\/3"}],"replies":[{"embeddable":true,"href":"https:\/\/arroyitoonline.com.ar\/index.php?rest_route=%2Fwp%2Fv2%2Fcomments&post=3780"}],"version-history":[{"count":2,"href":"https:\/\/arroyitoonline.com.ar\/index.php?rest_route=\/wp\/v2\/posts\/3780\/revisions"}],"predecessor-version":[{"id":3783,"href":"https:\/\/arroyitoonline.com.ar\/index.php?rest_route=\/wp\/v2\/posts\/3780\/revisions\/3783"}],"wp:featuredmedia":[{"embeddable":true,"href":"https:\/\/arroyitoonline.com.ar\/index.php?rest_route=\/wp\/v2\/media\/3781"}],"wp:attachment":[{"href":"https:\/\/arroyitoonline.com.ar\/index.php?rest_route=%2Fwp%2Fv2%2Fmedia&parent=3780"}],"wp:term":[{"taxonomy":"category","embeddable":true,"href":"https:\/\/arroyitoonline.com.ar\/index.php?rest_route=%2Fwp%2Fv2%2Fcategories&post=3780"},{"taxonomy":"post_tag","embeddable":true,"href":"https:\/\/arroyitoonline.com.ar\/index.php?rest_route=%2Fwp%2Fv2%2Ftags&post=3780"}],"curies":[{"name":"wp","href":"https:\/\/api.w.org\/{rel}","templated":true}]}}