{"id":3784,"date":"2019-05-20T04:11:57","date_gmt":"2019-05-20T04:11:57","guid":{"rendered":"http:\/\/arroyitoonline.com.ar\/?p=3784"},"modified":"2019-05-20T04:11:58","modified_gmt":"2019-05-20T04:11:58","slug":"transito-la-policia-detuvo-a-un-hombre-que-habia-abusado-de-un-menor","status":"publish","type":"post","link":"https:\/\/arroyitoonline.com.ar\/?p=3784","title":{"rendered":"Tr\u00e1nsito: la Polic\u00eda detuvo a un hombre que hab\u00eda abusado de un menor"},"content":{"rendered":"\n<p><strong><em>La aprehensi\u00f3n se produjo durante un\nallanamiento practicado en un domicilio de esa localidad.<\/em><\/strong><\/p>\n\n\n\n<p>El viernes a las 15:00 horas, en relaci\u00f3n a las actuaciones sumariales instruidas en el destacamento policial de Tr\u00e1nsito, el comisario Jorge Cama\u00f1o y personal a sus \u00f3rdenes, se constituyeron en un domicilio ubicado en zona urbana de esa localidad. <\/p>\n\n\n\n<p>Una vez en el lugar, los uniformados detuvieron a un hombre de 51 a\u00f1os, el cual quedo alojado en la Comisar\u00eda de Arroyito a disposici\u00f3n de la Fiscal\u00eda de Instrucci\u00f3n local, por supuesto autor del delito de\u00a0 abuso sexual gravemente ultrajante agravado.<\/p>\n\n\n\n<p>Fuente: informe del comisario Inspector Pablo Berardo.<\/p>\n\n\n\n<p>Imagen solo a modo ilustrativo. <\/p>\n","protected":false},"excerpt":{"rendered":"<p>La aprehensi\u00f3n se produjo durante un allanamiento practicado en un domicilio de esa localidad. El viernes a las 15:00 horas,&hellip;<\/p>\n","protected":false},"author":3,"featured_media":3785,"comment_status":"closed","ping_status":"open","sticky":false,"template":"","format":"standard","meta":{"footnotes":""},"categories":[824],"tags":[20,21,66,67,836,572,635,638,825,771],"class_list":["post-3784","post","type-post","status-publish","format-standard","has-post-thumbnail","hentry","category-policiales-online","tag-abuso","tag-abuso-sexual","tag-arroyito","tag-arroyito-cordoba","tag-arroyito-online","tag-noticias-de-arroyito-y-zona","tag-policia","tag-policiales-arroyito","tag-policiales-online","tag-transito"],"_links":{"self":[{"href":"https:\/\/arroyitoonline.com.ar\/index.php?rest_route=\/wp\/v2\/posts\/3784","targetHints":{"allow":["GET"]}}],"collection":[{"href":"https:\/\/arroyitoonline.com.ar\/index.php?rest_route=\/wp\/v2\/posts"}],"about":[{"href":"https:\/\/arroyitoonline.com.ar\/index.php?rest_route=\/wp\/v2\/types\/post"}],"author":[{"embeddable":true,"href":"https:\/\/arroyitoonline.com.ar\/index.php?rest_route=\/wp\/v2\/users\/3"}],"replies":[{"embeddable":true,"href":"https:\/\/arroyitoonline.com.ar\/index.php?rest_route=%2Fwp%2Fv2%2Fcomments&post=3784"}],"version-history":[{"count":1,"href":"https:\/\/arroyitoonline.com.ar\/index.php?rest_route=\/wp\/v2\/posts\/3784\/revisions"}],"predecessor-version":[{"id":3786,"href":"https:\/\/arroyitoonline.com.ar\/index.php?rest_route=\/wp\/v2\/posts\/3784\/revisions\/3786"}],"wp:featuredmedia":[{"embeddable":true,"href":"https:\/\/arroyitoonline.com.ar\/index.php?rest_route=\/wp\/v2\/media\/3785"}],"wp:attachment":[{"href":"https:\/\/arroyitoonline.com.ar\/index.php?rest_route=%2Fwp%2Fv2%2Fmedia&parent=3784"}],"wp:term":[{"taxonomy":"category","embeddable":true,"href":"https:\/\/arroyitoonline.com.ar\/index.php?rest_route=%2Fwp%2Fv2%2Fcategories&post=3784"},{"taxonomy":"post_tag","embeddable":true,"href":"https:\/\/arroyitoonline.com.ar\/index.php?rest_route=%2Fwp%2Fv2%2Ftags&post=3784"}],"curies":[{"name":"wp","href":"https:\/\/api.w.org\/{rel}","templated":true}]}}