{"id":3791,"date":"2019-05-20T04:42:21","date_gmt":"2019-05-20T04:42:21","guid":{"rendered":"http:\/\/arroyitoonline.com.ar\/?p=3791"},"modified":"2019-05-20T04:42:22","modified_gmt":"2019-05-20T04:42:22","slug":"sustrajeron-asientos-de-un-movil-de-bomberos-y-piden-su-devolucion","status":"publish","type":"post","link":"https:\/\/arroyitoonline.com.ar\/?p=3791","title":{"rendered":"Sustrajeron asientos de un m\u00f3vil de Bomberos y piden su devoluci\u00f3n"},"content":{"rendered":"\n<p><strong>Pertenecen a una Ford Ecosport de la Asociaci\u00f3n y se estaban secando afuera del cuartel, luego de haber sido lavados. Est\u00e1n\u00a0en\u00a0completo\u00a0funcionamiento.<\/strong><\/p>\n\n\n\n<p>El jueves 16 de mayo, Asociaci\u00f3n Bomberos Voluntario de Arroyito public\u00f3 un comunicado explicando que, mientras se realizaban diligencias del Cuerpo Activo en el m\u00f3vil 23 se derramaron l\u00edquidos sobre los asientos.<\/p>\n\n\n\n<p>Al regreso, personal los lav\u00f3 y los retir\u00f3 del interior del m\u00f3vil, dej\u00e1ndolos en la vereda del cuartel para que se secaran. M\u00e1s tarde, a las 17:30 horas, ni\u00f1os que pasaban frente a la instituci\u00f3n se llevaron uno de los asientos, quiz\u00e1 pensando que estos estaban en desuso.<\/p>\n\n\n\n<p>Desde la entidad pidieron <em>&#8220;por favor, que se devuelvan los asientos, ya que est\u00e1n en completo funcionamiento y solo estaban siendo lavados, no se estaban desechando&#8221;<\/em>. <\/p>\n\n\n\n<p>Si alguien tiene conocimiento o ha visto un asiento de las caracter\u00edsticas, pertenecientes a una Ford Ecosport, debe comunicarse al n\u00famero de tel\u00e9fono 450100. <\/p>\n","protected":false},"excerpt":{"rendered":"<p>Pertenecen a una Ford Ecosport de la Asociaci\u00f3n y se estaban secando afuera del cuartel, luego de haber sido lavados.&hellip;<\/p>\n","protected":false},"author":3,"featured_media":3792,"comment_status":"closed","ping_status":"open","sticky":false,"template":"","format":"standard","meta":{"footnotes":""},"categories":[900],"tags":[66,67,836,127,128,129,572,693],"class_list":["post-3791","post","type-post","status-publish","format-standard","has-post-thumbnail","hentry","category-noticias","tag-arroyito","tag-arroyito-cordoba","tag-arroyito-online","tag-bomberos-arroyito","tag-bomberos-de-arroyito","tag-bomberos-voluntarios","tag-noticias-de-arroyito-y-zona","tag-robo"],"_links":{"self":[{"href":"https:\/\/arroyitoonline.com.ar\/index.php?rest_route=\/wp\/v2\/posts\/3791","targetHints":{"allow":["GET"]}}],"collection":[{"href":"https:\/\/arroyitoonline.com.ar\/index.php?rest_route=\/wp\/v2\/posts"}],"about":[{"href":"https:\/\/arroyitoonline.com.ar\/index.php?rest_route=\/wp\/v2\/types\/post"}],"author":[{"embeddable":true,"href":"https:\/\/arroyitoonline.com.ar\/index.php?rest_route=\/wp\/v2\/users\/3"}],"replies":[{"embeddable":true,"href":"https:\/\/arroyitoonline.com.ar\/index.php?rest_route=%2Fwp%2Fv2%2Fcomments&post=3791"}],"version-history":[{"count":1,"href":"https:\/\/arroyitoonline.com.ar\/index.php?rest_route=\/wp\/v2\/posts\/3791\/revisions"}],"predecessor-version":[{"id":3793,"href":"https:\/\/arroyitoonline.com.ar\/index.php?rest_route=\/wp\/v2\/posts\/3791\/revisions\/3793"}],"wp:featuredmedia":[{"embeddable":true,"href":"https:\/\/arroyitoonline.com.ar\/index.php?rest_route=\/wp\/v2\/media\/3792"}],"wp:attachment":[{"href":"https:\/\/arroyitoonline.com.ar\/index.php?rest_route=%2Fwp%2Fv2%2Fmedia&parent=3791"}],"wp:term":[{"taxonomy":"category","embeddable":true,"href":"https:\/\/arroyitoonline.com.ar\/index.php?rest_route=%2Fwp%2Fv2%2Fcategories&post=3791"},{"taxonomy":"post_tag","embeddable":true,"href":"https:\/\/arroyitoonline.com.ar\/index.php?rest_route=%2Fwp%2Fv2%2Ftags&post=3791"}],"curies":[{"name":"wp","href":"https:\/\/api.w.org\/{rel}","templated":true}]}}