{"id":3797,"date":"2019-05-19T20:03:07","date_gmt":"2019-05-19T20:03:07","guid":{"rendered":"http:\/\/arroyitoonline.com.ar\/?p=3797"},"modified":"2019-05-20T15:01:15","modified_gmt":"2019-05-20T15:01:15","slug":"se-desarrollo-la-2da-jornada-de-articulacion-senaf-educacion","status":"publish","type":"post","link":"https:\/\/arroyitoonline.com.ar\/?p=3797","title":{"rendered":"Se desarroll\u00f3 la 2da. Jornada de Articulaci\u00f3n Senaf\u2013Educaci\u00f3n"},"content":{"rendered":"\n<p><strong>Fue en el marco del Sistema de Promoci\u00f3n y Protecci\u00f3n de los Derechos de la Infancia. <\/strong><\/p>\n\n\n\n<p>El pasado viernes 17, en Sala de Deliberaciones del edificio municipal, se desarroll\u00f3 la 2da. Jornada de Articulaci\u00f3n Senaf\u2013Educaci\u00f3n, organizada por el equipo de profesionales de Acompa\u00f1amiento Educativo \u2013EPAE Arroyito- y el PreNAF.<\/p>\n\n\n\n<p>En el marco del Sistema de Promoci\u00f3n y Protecci\u00f3n de los Derechos de la Infancia, se concretaron dos encuentros con la asistencia de Servicio Zonal Uder San Francisco, inspectoras\/res, directivos de escuelas y profesionales de servicios locales de atenci\u00f3n de diferentes municipios.<\/p>\n\n\n\n<p>La finalidad de la convocatoria fue el establecimiento de los procedimientos para la coordinaci\u00f3n de acciones entre Senaf y Educaci\u00f3n, reconociendo el rol y funci\u00f3n de los agentes educativos dentro del Sistema de Protecci\u00f3n&nbsp; como co responsables y garantes de los Derechos de Ni\u00f1as, Ni\u00f1os y Adolescentes conforme lo determina la Ley Provincial N\u00b0 9944 \/ Ley Educaci\u00f3n Nacional 26206.<\/p>\n\n\n\n<p>En ambos encuentros se profundizaron aspectos legales y t\u00e9cnicos, normativas y procedimientos reglamentarios para la transmisi\u00f3n e intervenci\u00f3n de acuerdo a como lo determinan las leyes mencionadas. <\/p>\n\n\n\n<p>Fue un significativo&nbsp;e importante evento con la participaci\u00f3n de directivos de los Niveles Inicial, Primario, Medio y Modalidad Especial\/profesionales&nbsp; EPAE Arroyito, Senaf San Francisco y equipos locales de atenci\u00f3n.<\/p>\n\n\n\n<p>Fuente: Prensa Municipal. <\/p>\n","protected":false},"excerpt":{"rendered":"<p>Fue en el marco del Sistema de Promoci\u00f3n y Protecci\u00f3n de los Derechos de la Infancia. El pasado viernes 17,&hellip;<\/p>\n","protected":false},"author":3,"featured_media":3798,"comment_status":"closed","ping_status":"open","sticky":false,"template":"","format":"standard","meta":{"footnotes":""},"categories":[830],"tags":[66,67,836,310,868,555,556,572,647],"class_list":["post-3797","post","type-post","status-publish","format-standard","has-post-thumbnail","hentry","category-educacion-online","tag-arroyito","tag-arroyito-cordoba","tag-arroyito-online","tag-educacion","tag-municipales-online","tag-municipalidad","tag-municipalidad-de-arroyito","tag-noticias-de-arroyito-y-zona","tag-prenaf"],"_links":{"self":[{"href":"https:\/\/arroyitoonline.com.ar\/index.php?rest_route=\/wp\/v2\/posts\/3797","targetHints":{"allow":["GET"]}}],"collection":[{"href":"https:\/\/arroyitoonline.com.ar\/index.php?rest_route=\/wp\/v2\/posts"}],"about":[{"href":"https:\/\/arroyitoonline.com.ar\/index.php?rest_route=\/wp\/v2\/types\/post"}],"author":[{"embeddable":true,"href":"https:\/\/arroyitoonline.com.ar\/index.php?rest_route=\/wp\/v2\/users\/3"}],"replies":[{"embeddable":true,"href":"https:\/\/arroyitoonline.com.ar\/index.php?rest_route=%2Fwp%2Fv2%2Fcomments&post=3797"}],"version-history":[{"count":3,"href":"https:\/\/arroyitoonline.com.ar\/index.php?rest_route=\/wp\/v2\/posts\/3797\/revisions"}],"predecessor-version":[{"id":3805,"href":"https:\/\/arroyitoonline.com.ar\/index.php?rest_route=\/wp\/v2\/posts\/3797\/revisions\/3805"}],"wp:featuredmedia":[{"embeddable":true,"href":"https:\/\/arroyitoonline.com.ar\/index.php?rest_route=\/wp\/v2\/media\/3798"}],"wp:attachment":[{"href":"https:\/\/arroyitoonline.com.ar\/index.php?rest_route=%2Fwp%2Fv2%2Fmedia&parent=3797"}],"wp:term":[{"taxonomy":"category","embeddable":true,"href":"https:\/\/arroyitoonline.com.ar\/index.php?rest_route=%2Fwp%2Fv2%2Fcategories&post=3797"},{"taxonomy":"post_tag","embeddable":true,"href":"https:\/\/arroyitoonline.com.ar\/index.php?rest_route=%2Fwp%2Fv2%2Ftags&post=3797"}],"curies":[{"name":"wp","href":"https:\/\/api.w.org\/{rel}","templated":true}]}}