{"id":3840,"date":"2019-05-21T17:45:46","date_gmt":"2019-05-21T17:45:46","guid":{"rendered":"http:\/\/arroyitoonline.com.ar\/?p=3840"},"modified":"2019-05-22T02:53:12","modified_gmt":"2019-05-22T02:53:12","slug":"norma-ferreyra-participo-de-la-51a-reunion-nacional-de-bibliotecarios","status":"publish","type":"post","link":"https:\/\/arroyitoonline.com.ar\/?p=3840","title":{"rendered":"Norma Ferreyra particip\u00f3 de la 51\u00aa reuni\u00f3n nacional de bibliotecarios"},"content":{"rendered":"\n<p><strong>La directora de la Biblioteca Municipal Popular Almafuerte fue parte de la apertura del evento, en su car\u00e1cter de secretaria de Febipo. <\/strong><\/p>\n\n\n\n<p>Como secretaria de la Federaci\u00f3n de Bibliotecas Populares de la Provincia de C\u00f3rdoba (Febipo), la\u00a0directora de la Biblioteca Municipal Popular Almafuerte, Norma Ferreyra, fue parte de la apertura de la 51\u00aa reuni\u00f3n nacional de bibliotecarios, bajo el lema \u201cBibliotecarios unidos: por la defensa de un sector profesional fortalecido\u201d. El evento se realiz\u00f3 el pasado mi\u00e9rcoles 15 de mayo en el Teatro Real de la ciudad de C\u00f3rdoba.<\/p>\n\n\n\n<p>Durante la jornada se desarroll\u00f3 una actividad art\u00edstica denominada El cuarteto del Amor, continuando con palabras de bienvenida a cargo de Mar\u00eda Silvia Lacorazza de (Abgra) y Juan Pablo Gorostiaga de (ABC). Adem\u00e1s asistieron autoridades de nivel provincial y nacional que dejaron su bagaje cultural a todas las instituciones presentes.<\/p>\n\n\n\n<p><em>&#8220;Esta reuni\u00f3n nacional tuvo como objetivo que se propicie un espacio para que nuestro colectivo profesional se encuentre, comparta ideas, fortalezca v\u00ednculos, cree lazos pero, por sobre todo, consolide su uni\u00f3n en pos del empoderamiento y de la defensa del sector&#8221;<\/em>, remarc\u00f3 la representante de Arroyito. <\/p>\n\n\n\n<p>Fuente: Prensa Municipal. <\/p>\n","protected":false},"excerpt":{"rendered":"<p>La directora de la Biblioteca Municipal Popular Almafuerte fue parte de la apertura del evento, en su car\u00e1cter de secretaria&hellip;<\/p>\n","protected":false},"author":3,"featured_media":3841,"comment_status":"closed","ping_status":"open","sticky":false,"template":"","format":"standard","meta":{"footnotes":""},"categories":[2],"tags":[66,67,836,117,886,887,499,572],"class_list":["post-3840","post","type-post","status-publish","format-standard","has-post-thumbnail","hentry","category-cultura-y-espectaculos","tag-arroyito","tag-arroyito-cordoba","tag-arroyito-online","tag-biblioteca","tag-biblioteca-municipal-popular-almafuerte","tag-febipo","tag-literatura","tag-noticias-de-arroyito-y-zona"],"_links":{"self":[{"href":"https:\/\/arroyitoonline.com.ar\/index.php?rest_route=\/wp\/v2\/posts\/3840","targetHints":{"allow":["GET"]}}],"collection":[{"href":"https:\/\/arroyitoonline.com.ar\/index.php?rest_route=\/wp\/v2\/posts"}],"about":[{"href":"https:\/\/arroyitoonline.com.ar\/index.php?rest_route=\/wp\/v2\/types\/post"}],"author":[{"embeddable":true,"href":"https:\/\/arroyitoonline.com.ar\/index.php?rest_route=\/wp\/v2\/users\/3"}],"replies":[{"embeddable":true,"href":"https:\/\/arroyitoonline.com.ar\/index.php?rest_route=%2Fwp%2Fv2%2Fcomments&post=3840"}],"version-history":[{"count":1,"href":"https:\/\/arroyitoonline.com.ar\/index.php?rest_route=\/wp\/v2\/posts\/3840\/revisions"}],"predecessor-version":[{"id":3842,"href":"https:\/\/arroyitoonline.com.ar\/index.php?rest_route=\/wp\/v2\/posts\/3840\/revisions\/3842"}],"wp:featuredmedia":[{"embeddable":true,"href":"https:\/\/arroyitoonline.com.ar\/index.php?rest_route=\/wp\/v2\/media\/3841"}],"wp:attachment":[{"href":"https:\/\/arroyitoonline.com.ar\/index.php?rest_route=%2Fwp%2Fv2%2Fmedia&parent=3840"}],"wp:term":[{"taxonomy":"category","embeddable":true,"href":"https:\/\/arroyitoonline.com.ar\/index.php?rest_route=%2Fwp%2Fv2%2Fcategories&post=3840"},{"taxonomy":"post_tag","embeddable":true,"href":"https:\/\/arroyitoonline.com.ar\/index.php?rest_route=%2Fwp%2Fv2%2Ftags&post=3840"}],"curies":[{"name":"wp","href":"https:\/\/api.w.org\/{rel}","templated":true}]}}