{"id":3843,"date":"2019-05-22T03:08:52","date_gmt":"2019-05-22T03:08:52","guid":{"rendered":"http:\/\/arroyitoonline.com.ar\/?p=3843"},"modified":"2019-05-22T03:08:55","modified_gmt":"2019-05-22T03:08:55","slug":"malena-sterren-fue-convocada-a-la-preseleccion-argentina-de-hockey","status":"publish","type":"post","link":"https:\/\/arroyitoonline.com.ar\/?p=3843","title":{"rendered":"Malena Sterren fue convocada a la preselecci\u00f3n Argentina de Hockey"},"content":{"rendered":"\n<p><strong>La joven deportista del Centro Vecinal San Miguel registr\u00f3 un buen desempe\u00f1o deportivo en el seleccionado santafesino de ese deporte. <\/strong><\/p>\n\n\n\n<p>Ayer lunes 20,\u00a0el intendente Mauricio Cravero recibi\u00f3 en su despacho a la joven deportista Malena Sterren, quien fue convocada para la conformaci\u00f3n de una preselecci\u00f3n en la categor\u00eda Sub 21 de la escuadra Nacional de Hockey.\u00a0<\/p>\n\n\n\n<p>Malena, perteneciente al Centro Vecinal San Miguel, registra un muy buen desempe\u00f1o deportivo. Adem\u00e1s, cuando hace pocos d\u00edas\u00a0participaba en el\u00a0seleccionado santafesino de Hockey, recibi\u00f3 la feliz noticia de su convocatoria para la preselecci\u00f3n Argentina.\u00a0<\/p>\n\n\n\n<p>Esta prueba se dar\u00e1 en los d\u00edas 4, 5 y 6 de junio, en la ciudad de La Plata.<\/p>\n\n\n\n<p>En este marco, el primer mandatario municipal la felicit\u00f3 por sus logros, augur\u00e1ndole \u00e9xitos en esta oportunidad que se le presenta, expresando su alegr\u00eda de que una joven de Arroyito lleve la bandera de nuestra ciudad a lo m\u00e1s alto del deporte y la alta competencia.<\/p>\n\n\n\n<p>Fuente: Prensa Municipal.<\/p>\n","protected":false},"excerpt":{"rendered":"<p>La joven deportista del Centro Vecinal San Miguel registr\u00f3 un buen desempe\u00f1o deportivo en el seleccionado santafesino de ese deporte.&hellip;<\/p>\n","protected":false},"author":3,"featured_media":3844,"comment_status":"closed","ping_status":"open","sticky":false,"template":"","format":"standard","meta":{"footnotes":""},"categories":[3],"tags":[66,67,836,253,276,277,527,555,556,572,965],"class_list":["post-3843","post","type-post","status-publish","format-standard","has-post-thumbnail","hentry","category-infodeporte","tag-arroyito","tag-arroyito-cordoba","tag-arroyito-online","tag-cravero","tag-deporte","tag-deportes","tag-mauricio-cravero","tag-municipalidad","tag-municipalidad-de-arroyito","tag-noticias-de-arroyito-y-zona","tag-seleccion-argentina"],"_links":{"self":[{"href":"https:\/\/arroyitoonline.com.ar\/index.php?rest_route=\/wp\/v2\/posts\/3843","targetHints":{"allow":["GET"]}}],"collection":[{"href":"https:\/\/arroyitoonline.com.ar\/index.php?rest_route=\/wp\/v2\/posts"}],"about":[{"href":"https:\/\/arroyitoonline.com.ar\/index.php?rest_route=\/wp\/v2\/types\/post"}],"author":[{"embeddable":true,"href":"https:\/\/arroyitoonline.com.ar\/index.php?rest_route=\/wp\/v2\/users\/3"}],"replies":[{"embeddable":true,"href":"https:\/\/arroyitoonline.com.ar\/index.php?rest_route=%2Fwp%2Fv2%2Fcomments&post=3843"}],"version-history":[{"count":1,"href":"https:\/\/arroyitoonline.com.ar\/index.php?rest_route=\/wp\/v2\/posts\/3843\/revisions"}],"predecessor-version":[{"id":3845,"href":"https:\/\/arroyitoonline.com.ar\/index.php?rest_route=\/wp\/v2\/posts\/3843\/revisions\/3845"}],"wp:featuredmedia":[{"embeddable":true,"href":"https:\/\/arroyitoonline.com.ar\/index.php?rest_route=\/wp\/v2\/media\/3844"}],"wp:attachment":[{"href":"https:\/\/arroyitoonline.com.ar\/index.php?rest_route=%2Fwp%2Fv2%2Fmedia&parent=3843"}],"wp:term":[{"taxonomy":"category","embeddable":true,"href":"https:\/\/arroyitoonline.com.ar\/index.php?rest_route=%2Fwp%2Fv2%2Fcategories&post=3843"},{"taxonomy":"post_tag","embeddable":true,"href":"https:\/\/arroyitoonline.com.ar\/index.php?rest_route=%2Fwp%2Fv2%2Ftags&post=3843"}],"curies":[{"name":"wp","href":"https:\/\/api.w.org\/{rel}","templated":true}]}}