{"id":3846,"date":"2019-05-22T03:34:58","date_gmt":"2019-05-22T03:34:58","guid":{"rendered":"http:\/\/arroyitoonline.com.ar\/?p=3846"},"modified":"2019-05-22T03:35:00","modified_gmt":"2019-05-22T03:35:00","slug":"en-san-franscisco-miramar-2019-y-capilla-del-monte-ciclistas-de-arroyito-se-subieron-al-podio","status":"publish","type":"post","link":"https:\/\/arroyitoonline.com.ar\/?p=3846","title":{"rendered":"En San Franscisco Miramar 2019 y Capilla del Monte, ciclistas de Arroyito se subieron al podio"},"content":{"rendered":"\n<p><strong>En diversas competencias, tanto hombres como mujeres y tambi\u00e9n un joven, lograron excelentes resultados. <\/strong><\/p>\n\n\n\n<p>El fin de semana pasado se desarroll\u00f3 la competencia Doble San Francisco Miramar 2019, donde particip\u00f3 un gran n\u00famero de ciclistas de nuestra ciudad.<\/p>\n\n\n\n<p>En la doble jornada de 220 kil\u00f3metros, en Master A1 estuvieron: Juan \u00c1lvarez, Franco Tribaudino, Germ\u00e1n Alani, Juan Gaet\u00e1n y Nicol\u00e1s Enrico; mientras que en Master A2 pedale\u00f3 Ricardo Taborda; en Elite participaron: Sebasti\u00e1n Romero, Daniel Vidal, Gonzalo Sachetto y Sergio Mart\u00ednez; en Master B1 fue de la partida Mario Ferreira y en Master B2 Ricardo Godoy, luego en los 110 kil\u00f3metros. <\/p>\n\n\n\n<p>En Damas estuvieron: Lorena Carrera, quien obtuvo la mejor clasificaci\u00f3n del grupo al posicionarse 5\u00aa, logrando su acceso al podio final, y en 110 kil\u00f3metros masculino se destacaron: Roberto Luque, Hugo Dom\u00ednguez y Miguel Aguirre.<\/p>\n\n\n\n<p>Tambi\u00e9n se destaca la participaci\u00f3n, en la 3\u00aa Fecha Provincial de XC que se disput\u00f3 en Capilla del Monte, de ciclistas de Arroyito como Franco Boiero, quien subi\u00f3 al podio en el primer lugar de la categor\u00eda A1; la de Leonel Badino, que tambi\u00e9n hizo podio en el cuarto lugar de la Master B1; y la de su hijo Lorenzo Badino que tuvo una muy buena performance en la categor\u00eda menores.<\/p>\n\n\n\n<p>En este marco, el intendente Mauricio Cravero saluda y felicita <em>&#8220;a cada uno de los ciclistas, especialmente los que lograron acceder al podio, que con constancia y sacrificio logran estar presentes en este tipo de competencias llevando en nombre de nuestro nuestra ciudad a todos los rincones de la provincia&#8221;<\/em>.<\/p>\n\n\n\n<p>Fuente: Prensa Municipal. <\/p>\n","protected":false},"excerpt":{"rendered":"<p>En diversas competencias, tanto hombres como mujeres y tambi\u00e9n un joven, lograron excelentes resultados. El fin de semana pasado se&hellip;<\/p>\n","protected":false},"author":3,"featured_media":3847,"comment_status":"closed","ping_status":"open","sticky":false,"template":"","format":"standard","meta":{"footnotes":""},"categories":[3],"tags":[66,67,836,192,276,277,572],"class_list":["post-3846","post","type-post","status-publish","format-standard","has-post-thumbnail","hentry","category-infodeporte","tag-arroyito","tag-arroyito-cordoba","tag-arroyito-online","tag-ciclismo","tag-deporte","tag-deportes","tag-noticias-de-arroyito-y-zona"],"_links":{"self":[{"href":"https:\/\/arroyitoonline.com.ar\/index.php?rest_route=\/wp\/v2\/posts\/3846","targetHints":{"allow":["GET"]}}],"collection":[{"href":"https:\/\/arroyitoonline.com.ar\/index.php?rest_route=\/wp\/v2\/posts"}],"about":[{"href":"https:\/\/arroyitoonline.com.ar\/index.php?rest_route=\/wp\/v2\/types\/post"}],"author":[{"embeddable":true,"href":"https:\/\/arroyitoonline.com.ar\/index.php?rest_route=\/wp\/v2\/users\/3"}],"replies":[{"embeddable":true,"href":"https:\/\/arroyitoonline.com.ar\/index.php?rest_route=%2Fwp%2Fv2%2Fcomments&post=3846"}],"version-history":[{"count":1,"href":"https:\/\/arroyitoonline.com.ar\/index.php?rest_route=\/wp\/v2\/posts\/3846\/revisions"}],"predecessor-version":[{"id":3848,"href":"https:\/\/arroyitoonline.com.ar\/index.php?rest_route=\/wp\/v2\/posts\/3846\/revisions\/3848"}],"wp:featuredmedia":[{"embeddable":true,"href":"https:\/\/arroyitoonline.com.ar\/index.php?rest_route=\/wp\/v2\/media\/3847"}],"wp:attachment":[{"href":"https:\/\/arroyitoonline.com.ar\/index.php?rest_route=%2Fwp%2Fv2%2Fmedia&parent=3846"}],"wp:term":[{"taxonomy":"category","embeddable":true,"href":"https:\/\/arroyitoonline.com.ar\/index.php?rest_route=%2Fwp%2Fv2%2Fcategories&post=3846"},{"taxonomy":"post_tag","embeddable":true,"href":"https:\/\/arroyitoonline.com.ar\/index.php?rest_route=%2Fwp%2Fv2%2Ftags&post=3846"}],"curies":[{"name":"wp","href":"https:\/\/api.w.org\/{rel}","templated":true}]}}