{"id":3849,"date":"2019-05-22T14:02:15","date_gmt":"2019-05-22T14:02:15","guid":{"rendered":"http:\/\/arroyitoonline.com.ar\/?p=3849"},"modified":"2019-05-22T14:11:28","modified_gmt":"2019-05-22T14:11:28","slug":"emanuel-acosta-se-impuso-por-amplio-margen-en-una-encuesta-entre-precandidatos-de-hacemos-por-cordoba","status":"publish","type":"post","link":"https:\/\/arroyitoonline.com.ar\/?p=3849","title":{"rendered":"Emanuel Acosta se impuso por amplio margen en una encuesta entre precandidatos de Hacemos Por C\u00f3rdoba"},"content":{"rendered":"\n<p><strong>El joven abogado de 34 a\u00f1os obtuvo el 71% de los votos emitidos por los miembros del grupo de Facebook que tiene Ok FM Arroyito. <\/strong><\/p>\n\n\n\n<p>Ayer, el medio de comunicaci\u00f3n local Ok FM Arroyito, dirigido por Diego Griffa, a trav\u00e9s de su <a href=\"https:\/\/www.facebook.com\/groups\/OKeyFMArroyito\/\">grupo de Facebook OKEY FM Arroyito 95.5<\/a>, realiz\u00f3 una encuesta abierta, en la cual sus seguidores pod\u00edan elegir&nbsp;<strong>qui\u00e9n deber\u00eda ser el candidato de Hacemos por C\u00f3rdoba \u2013 PJ en Arroyito.<\/strong><\/p>\n\n\n\n<div class=\"wp-block-image\"><figure class=\"aligncenter\"><img loading=\"lazy\" decoding=\"async\" width=\"674\" height=\"473\" src=\"http:\/\/arroyitoonline.com.ar\/wp-content\/uploads\/2019\/05\/Emanuel-acosta-encuesta.jpg\" alt=\"\" class=\"wp-image-3854\" srcset=\"https:\/\/arroyitoonline.com.ar\/wp-content\/uploads\/2019\/05\/Emanuel-acosta-encuesta.jpg 674w, https:\/\/arroyitoonline.com.ar\/wp-content\/uploads\/2019\/05\/Emanuel-acosta-encuesta-300x211.jpg 300w, https:\/\/arroyitoonline.com.ar\/wp-content\/uploads\/2019\/05\/Emanuel-acosta-encuesta-500x350.jpg 500w\" sizes=\"auto, (max-width: 674px) 100vw, 674px\" \/><\/figure><\/div>\n\n\n\n<p>Entre las opciones figuraban Emanuel Acosta, Julio Ferreyra y Jorge Yaco Mansilla, los tres dirigentes que, por distintos medios, hab\u00edan manifestado sus aspiraciones de competir por la&nbsp;<strong>intendencia de Arroyito dentro del frente electoral Hacemos por C\u00f3rdoba,<\/strong>&nbsp;que llev\u00f3 a Juan Schiaretti a su reelecci\u00f3n como gobernador de la provincia, con cerca del 60% de los votos.<\/p>\n\n\n\n<p>De la consulta participaron 448 personas en solo 10 horas. Por amplio margen se impuso entre las preferencias de los miembros del grupo, el joven Emanuel Acosta, con el 71% de los votos. Segundo qued\u00f3 el exintendente Julio Ferreyra, que obtuvo el 20% y, el tercer lugar, fue para el excandidato a intendente por el Partido del Campo Popular, Jorge Yaco Mansilla, con el 9% de los votos. <\/p>\n\n\n\n<div class=\"wp-block-image\"><figure class=\"aligncenter\"><img loading=\"lazy\" decoding=\"async\" width=\"567\" height=\"331\" src=\"http:\/\/arroyitoonline.com.ar\/wp-content\/uploads\/2019\/05\/encuesta-resultados.png\" alt=\"\" class=\"wp-image-3855\" srcset=\"https:\/\/arroyitoonline.com.ar\/wp-content\/uploads\/2019\/05\/encuesta-resultados.png 567w, https:\/\/arroyitoonline.com.ar\/wp-content\/uploads\/2019\/05\/encuesta-resultados-300x175.png 300w\" sizes=\"auto, (max-width: 567px) 100vw, 567px\" \/><figcaption><em>Los contundentes resultados de la consulta<\/em><\/figcaption><\/figure><\/div>\n\n\n\n<p>Emanuel Acosta es un abogado de 34 a\u00f1os que, junto a un grupo de j\u00f3venes y gente de m\u00e1s experiencia, viene trabajando desde hace tiempo por la renovaci\u00f3n de la pol\u00edtica, considerando que los funcionarios deben darle&nbsp;<strong>prioridad a los vecinos y no a&nbsp;sus&nbsp;propios&nbsp;intereses<\/strong>, con la idea de la construcci\u00f3n de una alternativa con base en la educaci\u00f3n y la transparencia.<\/p>\n\n\n\n<p>Fuente: Ok FM Arroyito.<\/p>\n","protected":false},"excerpt":{"rendered":"<p>El joven abogado de 34 a\u00f1os obtuvo el 71% de los votos emitidos por los miembros del grupo de Facebook&hellip;<\/p>\n","protected":false},"author":3,"featured_media":3850,"comment_status":"closed","ping_status":"open","sticky":false,"template":"","format":"standard","meta":{"footnotes":""},"categories":[8],"tags":[955,66,67,836,957,572,602,640],"class_list":["post-3849","post","type-post","status-publish","format-standard","has-post-thumbnail","hentry","category-politica","tag-acosta","tag-arroyito","tag-arroyito-cordoba","tag-arroyito-online","tag-hacemos-por-cordoba","tag-noticias-de-arroyito-y-zona","tag-partido-justicialista","tag-politica"],"_links":{"self":[{"href":"https:\/\/arroyitoonline.com.ar\/index.php?rest_route=\/wp\/v2\/posts\/3849","targetHints":{"allow":["GET"]}}],"collection":[{"href":"https:\/\/arroyitoonline.com.ar\/index.php?rest_route=\/wp\/v2\/posts"}],"about":[{"href":"https:\/\/arroyitoonline.com.ar\/index.php?rest_route=\/wp\/v2\/types\/post"}],"author":[{"embeddable":true,"href":"https:\/\/arroyitoonline.com.ar\/index.php?rest_route=\/wp\/v2\/users\/3"}],"replies":[{"embeddable":true,"href":"https:\/\/arroyitoonline.com.ar\/index.php?rest_route=%2Fwp%2Fv2%2Fcomments&post=3849"}],"version-history":[{"count":6,"href":"https:\/\/arroyitoonline.com.ar\/index.php?rest_route=\/wp\/v2\/posts\/3849\/revisions"}],"predecessor-version":[{"id":3859,"href":"https:\/\/arroyitoonline.com.ar\/index.php?rest_route=\/wp\/v2\/posts\/3849\/revisions\/3859"}],"wp:featuredmedia":[{"embeddable":true,"href":"https:\/\/arroyitoonline.com.ar\/index.php?rest_route=\/wp\/v2\/media\/3850"}],"wp:attachment":[{"href":"https:\/\/arroyitoonline.com.ar\/index.php?rest_route=%2Fwp%2Fv2%2Fmedia&parent=3849"}],"wp:term":[{"taxonomy":"category","embeddable":true,"href":"https:\/\/arroyitoonline.com.ar\/index.php?rest_route=%2Fwp%2Fv2%2Fcategories&post=3849"},{"taxonomy":"post_tag","embeddable":true,"href":"https:\/\/arroyitoonline.com.ar\/index.php?rest_route=%2Fwp%2Fv2%2Ftags&post=3849"}],"curies":[{"name":"wp","href":"https:\/\/api.w.org\/{rel}","templated":true}]}}