{"id":3861,"date":"2019-05-22T18:11:48","date_gmt":"2019-05-22T18:11:48","guid":{"rendered":"http:\/\/arroyitoonline.com.ar\/?p=3861"},"modified":"2019-05-22T18:11:51","modified_gmt":"2019-05-22T18:11:51","slug":"voley-mora-audenino-fue-convocada-para-la-seleccion-cordobesa-sub-17","status":"publish","type":"post","link":"https:\/\/arroyitoonline.com.ar\/?p=3861","title":{"rendered":"Voley: Mora Audenino fue convocada para la Selecci\u00f3n Cordobesa Sub 17"},"content":{"rendered":"\n<p><strong>Por tercer a\u00f1o consecutivo, la joven deportista de Arroyito participar\u00e1 con el combinado provincial del Torneo Argentino, que se realizar\u00e1 en Rosario.<\/strong><\/p>\n\n\n\n<p>En las \u00faltimas horas, la joven deportista Mora Audenino fue\nconvocada, por tercera vez consecutiva, a la Selecci\u00f3n Cordobesa de Voley sub\n17. La noticia fue confirmada a Arroyito Online por su mam\u00e1, Jaquelina Ver\u00f3n, quien\nse mostr\u00f3 entusiasmada y coment\u00f3 que <em>\u201cme\nparece importante que los chicos est\u00e9n en el \u00e1mbito deportivo. Hay muchos\ndeportistas destacados en Arroyito y realmente hacen un esfuerzo enorme para\nentrenar\u201d<\/em>.<\/p>\n\n\n\n<p>En este sentido, Jaqui tambi\u00e9n aprovech\u00f3 la oportunidad para\ndarles las gracias a los directivos de la Escuela Dr. Dalmacio V\u00e9lez Sarsfield \u2013a\nla que Mora asiste-, quienes <em>\u201cla apoyan\nmucho\u201d<\/em> y, a trav\u00e9s de los permisos otorgados, facilitan que su\nentrenamiento, en la localidad de Las Varillas, sea posible.<\/p>\n\n\n\n<p>Mora empez\u00f3 a jugar al voley a los seis a\u00f1os en el Sportivo\n24 de Septiembre. Luego, debido al cese de la actividad en ese club local, se\npas\u00f3 al Deportivo y Cultural Arroyito. A los 11 a\u00f1os, despu\u00e9s de una\nobservaci\u00f3n, fue fichada por el Club Universitario de C\u00f3rdoba, donde jug\u00f3 tres\na\u00f1os.<\/p>\n\n\n\n<p>Desde 2017, Mora se encuentra a pr\u00e9stamo en el Club\nAlmafuerte de Las Varillas. En 2017 y 2018 represent\u00f3 a C\u00f3rdoba en la selecci\u00f3n\nprovincial, saliendo sub campeona en la primera oportunidad y obteniendo un\ntercer puesto en el segundo caso.<\/p>\n\n\n\n<p>Adem\u00e1s, en enero de 2019 particip\u00f3 de la m\u00e1xima competencia de ese deporte a nivel nacional, la Liga Argentina de Voley, representando al Club Universitario de C\u00f3rdoba.  En la actualidad, tras distintas observaciones, fue convocada para la conformaci\u00f3n de la Selecci\u00f3n Cordobesa de Voley sub 17, con la cual participar\u00e1 del Torneo Argentino sub 17 de Voley que se desarrollar\u00e1 del 5 al 9 de junio, en la ciudad de Rosario.<\/p>\n","protected":false},"excerpt":{"rendered":"<p>Por tercer a\u00f1o consecutivo, la joven deportista de Arroyito participar\u00e1 con el combinado provincial del Torneo Argentino, que se realizar\u00e1&hellip;<\/p>\n","protected":false},"author":3,"featured_media":3862,"comment_status":"closed","ping_status":"open","sticky":false,"template":"","format":"standard","meta":{"footnotes":""},"categories":[3],"tags":[66,67,836,244,276,277,572,814],"class_list":["post-3861","post","type-post","status-publish","format-standard","has-post-thumbnail","hentry","category-infodeporte","tag-arroyito","tag-arroyito-cordoba","tag-arroyito-online","tag-cordoba","tag-deporte","tag-deportes","tag-noticias-de-arroyito-y-zona","tag-voley"],"_links":{"self":[{"href":"https:\/\/arroyitoonline.com.ar\/index.php?rest_route=\/wp\/v2\/posts\/3861","targetHints":{"allow":["GET"]}}],"collection":[{"href":"https:\/\/arroyitoonline.com.ar\/index.php?rest_route=\/wp\/v2\/posts"}],"about":[{"href":"https:\/\/arroyitoonline.com.ar\/index.php?rest_route=\/wp\/v2\/types\/post"}],"author":[{"embeddable":true,"href":"https:\/\/arroyitoonline.com.ar\/index.php?rest_route=\/wp\/v2\/users\/3"}],"replies":[{"embeddable":true,"href":"https:\/\/arroyitoonline.com.ar\/index.php?rest_route=%2Fwp%2Fv2%2Fcomments&post=3861"}],"version-history":[{"count":1,"href":"https:\/\/arroyitoonline.com.ar\/index.php?rest_route=\/wp\/v2\/posts\/3861\/revisions"}],"predecessor-version":[{"id":3863,"href":"https:\/\/arroyitoonline.com.ar\/index.php?rest_route=\/wp\/v2\/posts\/3861\/revisions\/3863"}],"wp:featuredmedia":[{"embeddable":true,"href":"https:\/\/arroyitoonline.com.ar\/index.php?rest_route=\/wp\/v2\/media\/3862"}],"wp:attachment":[{"href":"https:\/\/arroyitoonline.com.ar\/index.php?rest_route=%2Fwp%2Fv2%2Fmedia&parent=3861"}],"wp:term":[{"taxonomy":"category","embeddable":true,"href":"https:\/\/arroyitoonline.com.ar\/index.php?rest_route=%2Fwp%2Fv2%2Fcategories&post=3861"},{"taxonomy":"post_tag","embeddable":true,"href":"https:\/\/arroyitoonline.com.ar\/index.php?rest_route=%2Fwp%2Fv2%2Ftags&post=3861"}],"curies":[{"name":"wp","href":"https:\/\/api.w.org\/{rel}","templated":true}]}}