{"id":3877,"date":"2019-05-24T18:39:33","date_gmt":"2019-05-24T18:39:33","guid":{"rendered":"http:\/\/arroyitoonline.com.ar\/?p=3877"},"modified":"2019-05-24T18:39:34","modified_gmt":"2019-05-24T18:39:34","slug":"la-esc-manuel-belgrano-comenzo-los-festejos-de-sus-150-anos","status":"publish","type":"post","link":"https:\/\/arroyitoonline.com.ar\/?p=3877","title":{"rendered":"La Esc. Manuel Belgrano comenz\u00f3 los festejos de sus 150 a\u00f1os"},"content":{"rendered":"\n<p><strong>El inicio de las celebraciones incluy\u00f3 la presentaci\u00f3n de un logo\nalusivo, el Peric\u00f3n Nacional bailado por alumnos y familias y una mateada. <\/strong><\/p>\n\n\n\n<p>Ayer, en una tarde de sol radiante\ny temperatura agradable, comenzaron los festejos de la Escuela Manuel Belgrano conmemorando\nsu 150\u00ba Aniversario. <\/p>\n\n\n\n<p>El evento, que se desarroll\u00f3 sobre la calle Rivadavia frente a la instituci\u00f3n educativa, empez\u00f3 con la presentaci\u00f3n de un logo alusivo ideado por los alumnos de 6\u00ba grado.<\/p>\n\n\n\n<p>De los grupos formados para este fin el a\u00f1o pasado, surgieron varias ideas, pero el denominador com\u00fan de todas ellas fue la l\u00f3gica tecno medi\u00e1tica caracter\u00edstica de las nuevas infancias. En marzo de 2019 se seleccion\u00f3 un dibujo, por su simplicidad y su atractivo visual generado por el equilibrio de los elementos que lo componen afirmando el sentimiento de pertenencia a esa comunidad educativa, representando la realidad; donde un GPS y una linterna indican el camino al conocimiento. <\/p>\n\n\n\n<p>A continuaci\u00f3n, los dise\u00f1adores\ngr\u00e1ficos y docentes Ian Arias Cant\u00f3n, Mar\u00eda Guadalupe Buttignol y Nicol\u00e1s Walker\nlo digitalizaron, resolviendo hacer el \u00edcono de Google Maps, teniendo como base\nel distintivo original de la escuela y sus respectivos colores. El azul celeste\nrepresenta la pertenencia a Argentina. La antorcha es un emblema de iluminaci\u00f3n\ny simboliza la luz para guiar el conocimiento. Y, en el centro, un libro alude\na la educaci\u00f3n. <\/p>\n\n\n\n<p>En la tarde ayer, el logo fue representado por los chicos, quienes lo formaron sobre la calle, con telas de colores. A continuaci\u00f3n, alumnos y familiares bailaron el Peric\u00f3n Nacional. M\u00e1s tarde, se refirieron al acontecimiento la directora anfitriona Mar\u00eda Gabriela Baud\u00edn, el intendente municipal Mauricio Cravero \u2013que hab\u00eda asistido acompa\u00f1ado por sus secretarios de Gobierno, Ignacio Cabello, y Obras P\u00fablicas, Daniel Lafarina- y el director del Museo Municipal Jos\u00e9 Domingo Mercado, Gustavo Pav\u00f3n, quien aprovech\u00f3 el momento para la presentaci\u00f3n del Camino de las Letras.<\/p>\n\n\n\n<p>Este paseo, que dejar\u00e1 un legado en la comunidad, estar\u00e1 delimitado por las calles San Mart\u00edn, 9 de Julio, Vel\u00e9z Sarsfield y General Paz, buscando que se revalorice la identidad y plasme c\u00f3mo fue creciendo Arroyito. En las instituciones situadas a lo largo de esas dos manzanas se pondr\u00e1n banners aleg\u00f3ricos contando una breve historia de cada una.<\/p>\n\n\n\n<p>Finalizado el acto oficial, se\ndio paso a una mateada familiar en la Plaza 25 de Mayo. <\/p>\n\n\n\n<p><strong>Un poco de historia<\/strong><\/p>\n\n\n\n<p>Durante la presidencia de Domingo Faustino Sarmiento (1868\u20131874) se promulg\u00f3 la Ley Nacional de Subvenci\u00f3n para el sembrado de escuelas en todo el \u00e1mbito de la Rep\u00fablica Argentina.<\/p>\n\n\n\n<p>En ese marco, el gobernador de C\u00f3rdoba F\u00e9lix de la Pe\u00f1a, por Decreto N\u00ba 303 fechado el 7 de diciembre de 1869, orden\u00f3 que \u201cCr\u00e9ase una escuela de varones y otra de mujeres en\u00a0la Pedan\u00eda de Arroyito, departamento San Justo\u201d.<\/p>\n\n\n\n<p>Las instituciones educativas comenzaron a funcionar de inmediato, en una casona de adobe ubicada entre las calles 24 de Septiembre e Ituzaing\u00f3, distante 200 metros al sur de la Iglesia San Cayetano.<\/p>\n\n\n\n<p>M\u00e1s adelante, en 1872, por informe del inspector General, fueron las <em>\u201c\u00fanicas escuelas del interior que llevaban registro de asistencia\u201d<\/em>. En 1907 se trasladaron al frente de la Plaza Centenario \u2013hoy 25 de Mayo- llam\u00e1ndose Escuela Fiscal Graduada de Ni\u00f1as (hoy Manuel Belgrano) y Escuela Fiscal de Varones (hoy Jos\u00e9 Mar\u00eda Paz).<\/p>\n\n\n\n<p>Adem\u00e1s, entre 1954 y 1977, el edificio fue compartido con el Nivel Medio de la Escuela Dr. Dalmacio V\u00e9lez Sarsfield, siendo la primera morada del Jard\u00edn Leopoldo Lugones y de la Escuela Primaria para Adultos (hoy Cenpa).<\/p>\n\n\n\n<p>Con el paso del tiempo fue creciendo, ampliando su edificio y albergando a una poblaci\u00f3n de 500 alumnos. <\/p>\n","protected":false},"excerpt":{"rendered":"<p>El inicio de las celebraciones incluy\u00f3 la presentaci\u00f3n de un logo alusivo, el Peric\u00f3n Nacional bailado por alumnos y familias&hellip;<\/p>\n","protected":false},"author":3,"featured_media":3864,"comment_status":"closed","ping_status":"open","sticky":false,"template":"","format":"standard","meta":{"footnotes":""},"categories":[830],"tags":[66,67,836,310,346,348,572],"class_list":["post-3877","post","type-post","status-publish","format-standard","has-post-thumbnail","hentry","category-educacion-online","tag-arroyito","tag-arroyito-cordoba","tag-arroyito-online","tag-educacion","tag-escuela-manuel-belgrano","tag-escuelas","tag-noticias-de-arroyito-y-zona"],"_links":{"self":[{"href":"https:\/\/arroyitoonline.com.ar\/index.php?rest_route=\/wp\/v2\/posts\/3877","targetHints":{"allow":["GET"]}}],"collection":[{"href":"https:\/\/arroyitoonline.com.ar\/index.php?rest_route=\/wp\/v2\/posts"}],"about":[{"href":"https:\/\/arroyitoonline.com.ar\/index.php?rest_route=\/wp\/v2\/types\/post"}],"author":[{"embeddable":true,"href":"https:\/\/arroyitoonline.com.ar\/index.php?rest_route=\/wp\/v2\/users\/3"}],"replies":[{"embeddable":true,"href":"https:\/\/arroyitoonline.com.ar\/index.php?rest_route=%2Fwp%2Fv2%2Fcomments&post=3877"}],"version-history":[{"count":1,"href":"https:\/\/arroyitoonline.com.ar\/index.php?rest_route=\/wp\/v2\/posts\/3877\/revisions"}],"predecessor-version":[{"id":3878,"href":"https:\/\/arroyitoonline.com.ar\/index.php?rest_route=\/wp\/v2\/posts\/3877\/revisions\/3878"}],"wp:featuredmedia":[{"embeddable":true,"href":"https:\/\/arroyitoonline.com.ar\/index.php?rest_route=\/wp\/v2\/media\/3864"}],"wp:attachment":[{"href":"https:\/\/arroyitoonline.com.ar\/index.php?rest_route=%2Fwp%2Fv2%2Fmedia&parent=3877"}],"wp:term":[{"taxonomy":"category","embeddable":true,"href":"https:\/\/arroyitoonline.com.ar\/index.php?rest_route=%2Fwp%2Fv2%2Fcategories&post=3877"},{"taxonomy":"post_tag","embeddable":true,"href":"https:\/\/arroyitoonline.com.ar\/index.php?rest_route=%2Fwp%2Fv2%2Ftags&post=3877"}],"curies":[{"name":"wp","href":"https:\/\/api.w.org\/{rel}","templated":true}]}}