{"id":3887,"date":"2019-05-27T02:09:37","date_gmt":"2019-05-27T02:09:37","guid":{"rendered":"http:\/\/arroyitoonline.com.ar\/?p=3887"},"modified":"2019-05-27T02:14:01","modified_gmt":"2019-05-27T02:14:01","slug":"el-filosofo-dario-sandrone-anticipo-su-libro-selva-artificial-la-vida-entre-las-maquinas","status":"publish","type":"post","link":"https:\/\/arroyitoonline.com.ar\/?p=3887","title":{"rendered":"El fil\u00f3sofo Dar\u00edo Sandrone anticip\u00f3 su libro, Selva artificial. La vida entre las m\u00e1quinas"},"content":{"rendered":"\n<p><strong>Se trata de una serie de ensayos escritos por el doctor y\nprofesor universitario de Filosof\u00eda nacido en la ciudad de Arroyito. <\/strong><\/p>\n\n\n\n<p>Este domingo, a trav\u00e9s de una publicaci\u00f3n compartida en sus cuentas de Facebook e Instagram, el doctor en Filosof\u00eda y docente universitario de Arroyito, Dar\u00edo Sandrone, cont\u00f3 que dentro de poco <em>\u201crodar\u00e1 por las librer\u00edas\u201d<\/em>, su primer libro en solitario llamado <strong>Selva artificial. La vida entre las m\u00e1quinas<\/strong>, a trav\u00e9s de la Editorial de la Universidad Nacional de C\u00f3rdoba (UNC). <\/p>\n\n\n\n<p>Si bien el fil\u00f3sofo local ya hab\u00eda\nparticipado de otros materiales literarios, uno de ellos en coautor\u00eda editado\nen Espa\u00f1a y escribiendo algunos cap\u00edtulos de libros colectivos, Selva es su\nprimera obra ciento por ciento propia. \u00c9l mismo dijo a Arroyito Online que se\ntrata de <em>\u201cun libro de divulgaci\u00f3n, peque\u00f1os\nensayos, pero sin jerga t\u00e9cnica\u201d<\/em>, por lo que todos pueden leerlo. <\/p>\n\n\n\n<p>En la contratapa, que fue escrita\npor el editor de N\u00famero Cero (suplemento de cultura de La Voz), Carlos Schilling,\nse afirma que Selva recupera el sentido de aventura del conocimiento invitando,\ncon su prosa clara y distinta, <em>\u201ca una excursi\u00f3n\npor el mundo de <\/em><em>la tecnolog\u00eda, la filosof\u00eda, la\nciencia y la literatura, en un recorrido que ofrece a la vez las maravillas de\nlas ferias de curiosidades y los placeres m\u00e1s punzantes de la reflexi\u00f3n cr\u00edtica\u201d<\/em>.<\/p>\n\n\n\n<p>Se trata de un conjunto de textos breves, la mayor\u00eda publicado en forma de columnas en los diarios Hoy D\u00eda C\u00f3rdoba y La Voz del Interior, en los que Sandrone, no solo demuestra una rara habilidad como divulgador cient\u00edfico y tecnol\u00f3gico, sino tambi\u00e9n un talento narrativo notable, que deja pensando a los lectores. \u00a0<\/p>\n\n\n\n<p>As\u00ed, pese a que abordan temas diferentes, los art\u00edculos arman\nseries que van m\u00e1s all\u00e1 de las secciones en las que est\u00e1n ordenados\n(\u201cM\u00e1quinas\u201d, \u201cArtefactos\u201d, \u201cCulturas\u201d, \u201cPol\u00edticas\u201d) y generan una adicci\u00f3n casi\nnovelesca.<\/p>\n\n\n\n<p>El autor de <em>Selva artificial<\/em> propone darles la\ncantidad de vueltas necesarias a los problemas hasta que toda respuesta vuelva\na ser una pregunta, consciente de que el signo de interrogaci\u00f3n puede valer\ntanto como el signo de exclamaci\u00f3n del famoso grito de Arqu\u00edmedes (\u00a1Eureka!, lo\nque en griego significa \u201clo consegu\u00ed\u201d).<\/p>\n\n\n\n<p>A\u00fan resta definirse la fecha de\npresentaci\u00f3n oficial, pero el libro saldr\u00eda a la venta esta semana. <\/p>\n\n\n\n<p><strong>Minibio del autor<\/strong><\/p>\n\n\n\n<p>Dar\u00edo Sandrone es profesor y doctor en Filosof\u00eda por la Universidad Nacional de C\u00f3rdoba, donde en la actualidad es docente, al igual que en la Universidad Provincial de C\u00f3rdoba. Es becario posdoctoral del Conicet investigando diversos aspectos del dise\u00f1o tecnol\u00f3gico y coordina. Es miembro de D\u00e9dalus, grupo de investigaci\u00f3n sobre la t\u00e9cnica, e integra diversos proyectos de investigaci\u00f3n interdisciplinarios en relaci\u00f3n con el estudio del pensamiento sobre la t\u00e9cnica y la filosof\u00eda de la tecnolog\u00eda. Es columnista en medios gr\u00e1ficos (La Voz del Interior, Hoy D\u00eda C\u00f3rdoba) y ha participado en medios radiales&nbsp;(Vorterix C\u00f3rdoba, Radio Universidad 580)&nbsp;&nbsp;como invitado y columnista sobre tecnolog\u00eda y cultura.<\/p>\n","protected":false},"excerpt":{"rendered":"<p>Se trata de una serie de ensayos escritos por el doctor y profesor universitario de Filosof\u00eda nacido en la ciudad&hellip;<\/p>\n","protected":false},"author":3,"featured_media":3888,"comment_status":"closed","ping_status":"open","sticky":false,"template":"","format":"standard","meta":{"footnotes":""},"categories":[2],"tags":[66,67,836,244,299,492,572,906,785],"class_list":["post-3887","post","type-post","status-publish","format-standard","has-post-thumbnail","hentry","category-cultura-y-espectaculos","tag-arroyito","tag-arroyito-cordoba","tag-arroyito-online","tag-cordoba","tag-docentes","tag-libros","tag-noticias-de-arroyito-y-zona","tag-unc","tag-universidad"],"_links":{"self":[{"href":"https:\/\/arroyitoonline.com.ar\/index.php?rest_route=\/wp\/v2\/posts\/3887","targetHints":{"allow":["GET"]}}],"collection":[{"href":"https:\/\/arroyitoonline.com.ar\/index.php?rest_route=\/wp\/v2\/posts"}],"about":[{"href":"https:\/\/arroyitoonline.com.ar\/index.php?rest_route=\/wp\/v2\/types\/post"}],"author":[{"embeddable":true,"href":"https:\/\/arroyitoonline.com.ar\/index.php?rest_route=\/wp\/v2\/users\/3"}],"replies":[{"embeddable":true,"href":"https:\/\/arroyitoonline.com.ar\/index.php?rest_route=%2Fwp%2Fv2%2Fcomments&post=3887"}],"version-history":[{"count":3,"href":"https:\/\/arroyitoonline.com.ar\/index.php?rest_route=\/wp\/v2\/posts\/3887\/revisions"}],"predecessor-version":[{"id":3893,"href":"https:\/\/arroyitoonline.com.ar\/index.php?rest_route=\/wp\/v2\/posts\/3887\/revisions\/3893"}],"wp:featuredmedia":[{"embeddable":true,"href":"https:\/\/arroyitoonline.com.ar\/index.php?rest_route=\/wp\/v2\/media\/3888"}],"wp:attachment":[{"href":"https:\/\/arroyitoonline.com.ar\/index.php?rest_route=%2Fwp%2Fv2%2Fmedia&parent=3887"}],"wp:term":[{"taxonomy":"category","embeddable":true,"href":"https:\/\/arroyitoonline.com.ar\/index.php?rest_route=%2Fwp%2Fv2%2Fcategories&post=3887"},{"taxonomy":"post_tag","embeddable":true,"href":"https:\/\/arroyitoonline.com.ar\/index.php?rest_route=%2Fwp%2Fv2%2Ftags&post=3887"}],"curies":[{"name":"wp","href":"https:\/\/api.w.org\/{rel}","templated":true}]}}