{"id":3897,"date":"2019-05-24T14:36:29","date_gmt":"2019-05-24T14:36:29","guid":{"rendered":"http:\/\/arroyitoonline.com.ar\/?p=3897"},"modified":"2019-05-27T02:47:32","modified_gmt":"2019-05-27T02:47:32","slug":"se-realizo-la-muestra-de-murales-alegoricos-rescatando-valores","status":"publish","type":"post","link":"https:\/\/arroyitoonline.com.ar\/?p=3897","title":{"rendered":"Se realiz\u00f3 la muestra de murales aleg\u00f3ricos Rescatando Valores"},"content":{"rendered":"\n<p><strong>Fue en el marco de los festejos de mayo y cont\u00f3 con la participaci\u00f3n de todas las escuelas urbanas y rurales de nivel medio.<\/strong><\/p>\n\n\n\n<p>El mi\u00e9rcoles 22, se realiz\u00f3 en el Auditorio Coral de la Casa de la Cultura, la Muestra de Murales aleg\u00f3ricos\u00a0Rescatando Valores, actividad programada en el marco de los festejos de mayo de la que participaron todas las escuelas urbanas y rurales de nivel primario. <\/p>\n\n\n\n<p>Estuvieron presentes en este evento, el intendente municipal Mauricio Cravero, la viceintendente Graciela Tristany, el secretario de Gobierno Ignacio Cabello, el secretario de Obras p\u00fablicas Daniel Lafarina, la directora de Cultura Viviana Sam Sam, directivos y estudiantes. <\/p>\n\n\n\n<p>En la oportunidad, el primer mandatario local felicit\u00f3 a los alumnos y docentes de todas las instituciones educativas que demostraron gran inter\u00e9s a trav\u00e9s de lo expuesto en el fundamento de cada mural, destacando la creatividad de los ni\u00f1os, <em>&#8220;futuros ciudadanos de nuestra patria&#8221;<\/em> y los inst\u00f3 a que contin\u00faen <em>&#8220;por este camino del saber, en su formaci\u00f3n como personas \u00edntegras y responsables&#8221;<\/em>.<\/p>\n\n\n\n<p>Fuente: Prensa Municipal. <\/p>\n","protected":false},"excerpt":{"rendered":"<p>Fue en el marco de los festejos de mayo y cont\u00f3 con la participaci\u00f3n de todas las escuelas urbanas y&hellip;<\/p>\n","protected":false},"author":3,"featured_media":3898,"comment_status":"closed","ping_status":"open","sticky":false,"template":"","format":"standard","meta":{"footnotes":""},"categories":[830],"tags":[16,66,67,836,158,259,310,348,557,572],"class_list":["post-3897","post","type-post","status-publish","format-standard","has-post-thumbnail","hentry","category-educacion-online","tag-25-de-mayo","tag-arroyito","tag-arroyito-cordoba","tag-arroyito-online","tag-casa-de-la-cultura","tag-cultura","tag-educacion","tag-escuelas","tag-murales","tag-noticias-de-arroyito-y-zona"],"_links":{"self":[{"href":"https:\/\/arroyitoonline.com.ar\/index.php?rest_route=\/wp\/v2\/posts\/3897","targetHints":{"allow":["GET"]}}],"collection":[{"href":"https:\/\/arroyitoonline.com.ar\/index.php?rest_route=\/wp\/v2\/posts"}],"about":[{"href":"https:\/\/arroyitoonline.com.ar\/index.php?rest_route=\/wp\/v2\/types\/post"}],"author":[{"embeddable":true,"href":"https:\/\/arroyitoonline.com.ar\/index.php?rest_route=\/wp\/v2\/users\/3"}],"replies":[{"embeddable":true,"href":"https:\/\/arroyitoonline.com.ar\/index.php?rest_route=%2Fwp%2Fv2%2Fcomments&post=3897"}],"version-history":[{"count":1,"href":"https:\/\/arroyitoonline.com.ar\/index.php?rest_route=\/wp\/v2\/posts\/3897\/revisions"}],"predecessor-version":[{"id":3899,"href":"https:\/\/arroyitoonline.com.ar\/index.php?rest_route=\/wp\/v2\/posts\/3897\/revisions\/3899"}],"wp:featuredmedia":[{"embeddable":true,"href":"https:\/\/arroyitoonline.com.ar\/index.php?rest_route=\/wp\/v2\/media\/3898"}],"wp:attachment":[{"href":"https:\/\/arroyitoonline.com.ar\/index.php?rest_route=%2Fwp%2Fv2%2Fmedia&parent=3897"}],"wp:term":[{"taxonomy":"category","embeddable":true,"href":"https:\/\/arroyitoonline.com.ar\/index.php?rest_route=%2Fwp%2Fv2%2Fcategories&post=3897"},{"taxonomy":"post_tag","embeddable":true,"href":"https:\/\/arroyitoonline.com.ar\/index.php?rest_route=%2Fwp%2Fv2%2Ftags&post=3897"}],"curies":[{"name":"wp","href":"https:\/\/api.w.org\/{rel}","templated":true}]}}