{"id":3900,"date":"2019-05-25T14:50:32","date_gmt":"2019-05-25T14:50:32","guid":{"rendered":"http:\/\/arroyitoonline.com.ar\/?p=3900"},"modified":"2019-05-27T03:00:32","modified_gmt":"2019-05-27T03:00:32","slug":"la-esc-jose-gimenez-lagos-fue-sede-del-acto-del-25-de-mayo","status":"publish","type":"post","link":"https:\/\/arroyitoonline.com.ar\/?p=3900","title":{"rendered":"La Esc. Jos\u00e9 Gim\u00e9nez Lagos fue sede del acto del 25 de Mayo"},"content":{"rendered":"\n<p><strong>La comunidad educativa ornament\u00f3 la entrada del colegio y su sal\u00f3n multiusos para la ocasi\u00f3n. <\/strong><\/p>\n\n\n\n<p>En la ma\u00f1ana del viernes 24, se desarroll\u00f3 el acto oficial conmemorativo del 25 de Mayo en la escuela Jos\u00e9 Gim\u00e9nez Lagos. Del evento participaron autoridades municipales encabezadas por Mauricio Cravero. Adem\u00e1s estuvieron presentes directivos, docentes y alumnos, que celebraron los 209 a\u00f1os del primer gobierno patrio.<\/p>\n\n\n\n<p>Con\u00a0 mucho entusiasmo, los chicos y maestros iniciaron los preparativos para la celebraci\u00f3n de esta fecha tan importante, cuidando cada uno de los detalles: la ornamentaci\u00f3n de la entrada del colegio y del\u00a0sal\u00f3n multiusos y la\u00a0indumentaria\u00a0de los estudiantes.<\/p>\n\n\n\n<p>En la ocasi\u00f3n, el intendente salud\u00f3 a todos los ni\u00f1os y docentes presentes, resalt\u00f3 la importancia de cada uno en pos de la educaci\u00f3n y del trabajo que viene realizando en ese establecimiento escolar.<\/p>\n\n\n\n<p>Antes del final, los m\u00e1s peque\u00f1os demostraron su destreza en el baile de la \u00e9poca.<\/p>\n\n\n\n<p>Fuente: Prensa Municipal. <\/p>\n","protected":false},"excerpt":{"rendered":"<p>La comunidad educativa ornament\u00f3 la entrada del colegio y su sal\u00f3n multiusos para la ocasi\u00f3n. En la ma\u00f1ana del viernes&hellip;<\/p>\n","protected":false},"author":3,"featured_media":3901,"comment_status":"closed","ping_status":"open","sticky":false,"template":"","format":"standard","meta":{"footnotes":""},"categories":[830],"tags":[16,29,66,67,836,310,952,572],"class_list":["post-3900","post","type-post","status-publish","format-standard","has-post-thumbnail","hentry","category-educacion-online","tag-25-de-mayo","tag-acto","tag-arroyito","tag-arroyito-cordoba","tag-arroyito-online","tag-educacion","tag-escuela-jose-gimenez-lagos","tag-noticias-de-arroyito-y-zona"],"_links":{"self":[{"href":"https:\/\/arroyitoonline.com.ar\/index.php?rest_route=\/wp\/v2\/posts\/3900","targetHints":{"allow":["GET"]}}],"collection":[{"href":"https:\/\/arroyitoonline.com.ar\/index.php?rest_route=\/wp\/v2\/posts"}],"about":[{"href":"https:\/\/arroyitoonline.com.ar\/index.php?rest_route=\/wp\/v2\/types\/post"}],"author":[{"embeddable":true,"href":"https:\/\/arroyitoonline.com.ar\/index.php?rest_route=\/wp\/v2\/users\/3"}],"replies":[{"embeddable":true,"href":"https:\/\/arroyitoonline.com.ar\/index.php?rest_route=%2Fwp%2Fv2%2Fcomments&post=3900"}],"version-history":[{"count":1,"href":"https:\/\/arroyitoonline.com.ar\/index.php?rest_route=\/wp\/v2\/posts\/3900\/revisions"}],"predecessor-version":[{"id":3902,"href":"https:\/\/arroyitoonline.com.ar\/index.php?rest_route=\/wp\/v2\/posts\/3900\/revisions\/3902"}],"wp:featuredmedia":[{"embeddable":true,"href":"https:\/\/arroyitoonline.com.ar\/index.php?rest_route=\/wp\/v2\/media\/3901"}],"wp:attachment":[{"href":"https:\/\/arroyitoonline.com.ar\/index.php?rest_route=%2Fwp%2Fv2%2Fmedia&parent=3900"}],"wp:term":[{"taxonomy":"category","embeddable":true,"href":"https:\/\/arroyitoonline.com.ar\/index.php?rest_route=%2Fwp%2Fv2%2Fcategories&post=3900"},{"taxonomy":"post_tag","embeddable":true,"href":"https:\/\/arroyitoonline.com.ar\/index.php?rest_route=%2Fwp%2Fv2%2Ftags&post=3900"}],"curies":[{"name":"wp","href":"https:\/\/api.w.org\/{rel}","templated":true}]}}