{"id":3909,"date":"2019-05-27T18:43:44","date_gmt":"2019-05-27T18:43:44","guid":{"rendered":"http:\/\/arroyitoonline.com.ar\/?p=3909"},"modified":"2019-05-27T18:57:58","modified_gmt":"2019-05-27T18:57:58","slug":"infancia-segura-capacitara-sobre-prevencion-de-accidentes-en-el-ambito-escolar","status":"publish","type":"post","link":"https:\/\/arroyitoonline.com.ar\/?p=3909","title":{"rendered":"Infancia Segura capacitar\u00e1 sobre prevenci\u00f3n de accidentes en el \u00e1mbito escolar"},"content":{"rendered":"\n<p><strong>Adem\u00e1s, la entidad aprovechar\u00e1 la oportunidad y conmemorar\u00e1 su 5\u00ba Aniversario&nbsp;con&nbsp;un&nbsp;acto&nbsp;alusivo.<\/strong><\/p>\n\n\n\n<p>La Fundaci\u00f3n Infancia Segura se encuentra organizando una capacitaci\u00f3n, en el marco de la conmemoraci\u00f3n de sus cinco a\u00f1os de vida.<\/p>\n\n\n\n<p>La cita es este mi\u00e9rcoles 29 de mayo de 16:30 a 20:30 horas, en el Teatrillo Municipal Jos\u00e9 Francisco Guarch.<\/p>\n\n\n\n<p>Prevenci\u00f3n de Accidentes en el \u00c1mbito Escolar, que no tiene costo alguno y otorga puntaje docente, engloba como ejes centrales a la seguridad y los lineamientos curriculares vigentes, que sustentan las pr\u00e1cticas actuales. Posibilita procesos de reflexi\u00f3n, an\u00e1lisis y construcci\u00f3n de conocimientos para el desarrollo de aptitudes y capacidades ante situaciones de riesgo en la escuela.<\/p>\n\n\n\n<p>Datos de la capacitaci\u00f3n:<\/p>\n\n\n\n<p>\u2022&nbsp; D\u00cdA: 29 de mayo.<\/p>\n\n\n\n<p>\u2022&nbsp; HORARIO: 16:30 a 20:30 horas.<\/p>\n\n\n\n<p>\u2022&nbsp; LUGAR: Teatrillo Municipal Jos\u00e9 Francisco Guarch, Pje. H\u00e9ctor Orellano 1080, Arroyito.<\/p>\n\n\n\n<p>\u2022INSCRIPCIONES: <a href=\"https:\/\/docs.google.com\/forms\/d\/e\/1FAIpQLSfibEexmEIsSXh7LcW5rKPqfNlzHMRWeyZdfMyt_3CzNocN5g\/viewform\">completando el formulario<\/a>.<\/p>\n\n\n\n<p>Adem\u00e1s , luego del taller, la fundaci\u00f3n celebrar\u00e1 el acto conmemorativo del 5\u00ba Aniversario de su creaci\u00f3n. <\/p>\n\n\n\n<p>La foto corresponde al primer aniversario de la Fundaci\u00f3n, en el a\u00f1o 2015.<\/p>\n","protected":false},"excerpt":{"rendered":"<p>Adem\u00e1s, la entidad aprovechar\u00e1 la oportunidad y conmemorar\u00e1 su 5\u00ba Aniversario&nbsp;con&nbsp;un&nbsp;acto&nbsp;alusivo. La Fundaci\u00f3n Infancia Segura se encuentra organizando una capacitaci\u00f3n,&hellip;<\/p>\n","protected":false},"author":3,"featured_media":3910,"comment_status":"closed","ping_status":"open","sticky":false,"template":"","format":"standard","meta":{"footnotes":""},"categories":[830,962],"tags":[66,67,836,153,310,392,572,650,748],"class_list":["post-3909","post","type-post","status-publish","format-standard","has-post-thumbnail","hentry","category-educacion-online","category-ninez-y-adolescencia","tag-arroyito","tag-arroyito-cordoba","tag-arroyito-online","tag-capacitacion","tag-educacion","tag-fundacion-infancia-segura","tag-noticias-de-arroyito-y-zona","tag-prevencion","tag-taller"],"_links":{"self":[{"href":"https:\/\/arroyitoonline.com.ar\/index.php?rest_route=\/wp\/v2\/posts\/3909","targetHints":{"allow":["GET"]}}],"collection":[{"href":"https:\/\/arroyitoonline.com.ar\/index.php?rest_route=\/wp\/v2\/posts"}],"about":[{"href":"https:\/\/arroyitoonline.com.ar\/index.php?rest_route=\/wp\/v2\/types\/post"}],"author":[{"embeddable":true,"href":"https:\/\/arroyitoonline.com.ar\/index.php?rest_route=\/wp\/v2\/users\/3"}],"replies":[{"embeddable":true,"href":"https:\/\/arroyitoonline.com.ar\/index.php?rest_route=%2Fwp%2Fv2%2Fcomments&post=3909"}],"version-history":[{"count":2,"href":"https:\/\/arroyitoonline.com.ar\/index.php?rest_route=\/wp\/v2\/posts\/3909\/revisions"}],"predecessor-version":[{"id":3912,"href":"https:\/\/arroyitoonline.com.ar\/index.php?rest_route=\/wp\/v2\/posts\/3909\/revisions\/3912"}],"wp:featuredmedia":[{"embeddable":true,"href":"https:\/\/arroyitoonline.com.ar\/index.php?rest_route=\/wp\/v2\/media\/3910"}],"wp:attachment":[{"href":"https:\/\/arroyitoonline.com.ar\/index.php?rest_route=%2Fwp%2Fv2%2Fmedia&parent=3909"}],"wp:term":[{"taxonomy":"category","embeddable":true,"href":"https:\/\/arroyitoonline.com.ar\/index.php?rest_route=%2Fwp%2Fv2%2Fcategories&post=3909"},{"taxonomy":"post_tag","embeddable":true,"href":"https:\/\/arroyitoonline.com.ar\/index.php?rest_route=%2Fwp%2Fv2%2Ftags&post=3909"}],"curies":[{"name":"wp","href":"https:\/\/api.w.org\/{rel}","templated":true}]}}