{"id":3913,"date":"2019-05-27T19:27:53","date_gmt":"2019-05-27T19:27:53","guid":{"rendered":"http:\/\/arroyitoonline.com.ar\/?p=3913"},"modified":"2019-05-27T19:44:43","modified_gmt":"2019-05-27T19:44:43","slug":"los-elencos-municipales-dieron-catedra-en-una-noche-de-gala-inolvidable","status":"publish","type":"post","link":"https:\/\/arroyitoonline.com.ar\/?p=3913","title":{"rendered":"Los elencos municipales dieron c\u00e1tedra en una Noche de Gala inolvidable"},"content":{"rendered":"\n<p><strong>Coro, Banda y Ballet brillaron y fueron acompa\u00f1ados por destacados artistas locales: Nicol\u00e1s Baravalle, Alfredo Rivero, Facundo Quiroga, Juanjo Cecc\u00f3n y Facundo Ferreyra.<\/strong><\/p>\n\n\n\n<p>El viernes 24, durante la v\u00edspera del D\u00eda de la Patria, en las instalaciones del sal\u00f3n de actos de Nivel Medio de la escuela Dr. Dalmacio V\u00e9lez Sarsfield, se desarroll\u00f3 la Noche de Gala esperando el 25 de Mayo.<\/p>\n\n\n\n<p>A sala llena, se presentaron los tres elencos municipales: Banda Sinf\u00f3nica, Coro de C\u00e1mara e Infanto Juvenil&nbsp;y Ballet Municipal, dirigidos por los profesores Gerardo Lemos, Joel Coronel y Viviana Pedernera.<\/p>\n\n\n\n<p>El hilo conductor del espect\u00e1culo fue la evoluci\u00f3n de la m\u00fasica argentina a trav\u00e9s del tiempo en todas sus etapas, a trav\u00e9s de los g\u00e9neros folclore, tango y rock.&nbsp;<\/p>\n\n\n\n<figure class=\"wp-block-embed-facebook wp-block-embed is-type-video is-provider-facebook\"><div class=\"wp-block-embed__wrapper\">\nhttps:\/\/www.facebook.com\/arroyitoonlineoficial\/videos\/1009300319461148\/?__tn__=kC-R&#038;eid=ARA3CgY7qGa6sb5JqbrbvHU4_0RujQb9rPuc-wya1knOpLBGO-4Spe_jGf7LYwm4pL2QEvA7IfJm07nO&#038;hc_ref=ARQeQqySDT6jgKVWetTRdxYQlhgp2ZJDpBGsoGPi65fJTQq7uz_tyX48YYB38rmxfho&#038;fref=nf&#038;__xts__[0]=68.ARAA4gAE6EnvW-aeJga9_Mf28ByB66Orca4l8scuzyZrIUPOUhUeec7KLUoLELzzL_ZosvzPRVZzo9jhgrz994ow5YM5aFjg1PCZIT1NVLRn4BBpkaeqMh8fGXN6JX_qdbs-2nfCHvu0NPWg4amzmORCkmEKXY-_Jdd7Opp5MIIaTGa9tMBLhmGRUR28K49DTmwSagr51s98MOnPQLEC7zDnbgeSCI9n4cF9kLvZd2s5Jb29t4VFSA2QS9dNIWoWWLw3IOw9BPjevQDyPFD_aomn7AR64VpWsyXcHY99k2YUF7ZzMCtssjL3JEf22RmOkfv-iig2Pxp04y0w4IxH9ZxYZztD\n<\/div><\/figure>\n\n\n\n<p>Tambi\u00e9n se lucieron algunos artistas locales de gran renombre: Nicol\u00e1s Baravalle en bater\u00eda, Alfredo Rivero en guitarra y las voces de Facundo Quiroga, Facundo Ferreyra y Juanjo Cecc\u00f3n.<\/p>\n\n\n\n<p>El Coro interpret\u00f3 Todo a pulm\u00f3n de Alejandro Lerner, La Pome\u00f1a de Cuchi Leguizam\u00f3n, Cactus de Gustavo Ceratti y&nbsp;Entre a mi pago sin golpear de&nbsp;Carlos Carabajal.<\/p>\n\n\n\n<p>Luego comenz\u00f3 el&nbsp;Tango. El Ballet Municipal abri\u00f3 este segmento con El Flete y Milonga de mis amores.<\/p>\n\n\n\n<p>Prosigui\u00f3 la Banda Sinf\u00f3nica con Libertango y&nbsp;Oblivi\u00f3n, ambos de Astor Piazzolla con arreglo de Lorenzo Pusceddu.<\/p>\n\n\n\n<figure class=\"wp-block-embed-facebook wp-block-embed is-type-video is-provider-facebook\"><div class=\"wp-block-embed__wrapper\">\nhttps:\/\/www.facebook.com\/arroyitoonlineoficial\/videos\/1009300319461148\/?__tn__=kC-R&#038;eid=ARA3CgY7qGa6sb5JqbrbvHU4_0RujQb9rPuc-wya1knOpLBGO-4Spe_jGf7LYwm4pL2QEvA7IfJm07nO&#038;hc_ref=ARQeQqySDT6jgKVWetTRdxYQlhgp2ZJDpBGsoGPi65fJTQq7uz_tyX48YYB38rmxfho&#038;fref=nf&#038;__xts__[0]=68.ARAA4gAE6EnvW-aeJga9_Mf28ByB66Orca4l8scuzyZrIUPOUhUeec7KLUoLELzzL_ZosvzPRVZzo9jhgrz994ow5YM5aFjg1PCZIT1NVLRn4BBpkaeqMh8fGXN6JX_qdbs-2nfCHvu0NPWg4amzmORCkmEKXY-_Jdd7Opp5MIIaTGa9tMBLhmGRUR28K49DTmwSagr51s98MOnPQLEC7zDnbgeSCI9n4cF9kLvZd2s5Jb29t4VFSA2QS9dNIWoWWLw3IOw9BPjevQDyPFD_aomn7AR64VpWsyXcHY99k2YUF7ZzMCtssjL3JEf22RmOkfv-iig2Pxp04y0w4IxH9ZxYZztD\n<\/div><\/figure>\n\n\n\n<p>Sigui\u00f3 el Ballet interpretando La Cumparsita de Gerardo Matos Rodr\u00edguez y Pascual Contursi y Obertura de Lisandro Adrover.<\/p>\n\n\n\n<p>Continuando la noche, el momento del Folklore comenz\u00f3 con Luna Tucumana, de Atahualpa Yupanqui y arreglos de Gerardo Lemos, y continu\u00f3 con Sin Memoria, de Jorge Rojas&nbsp;y arreglos de Juan Grimaldi, ambos en la voz de Facundo Quiroga. <\/p>\n\n\n\n<p>A continuaci\u00f3n el Ballet Municipal&nbsp; realiz\u00f3 el cuadro de Danza Estilizada Retumbo de nuestra tierra y una muestra de Malambo Sure\u00f1o y Norte\u00f1o.<\/p>\n\n\n\n<p>A posteriori lleg\u00f3 el turno del Rock nacional con Seminare, de Ser\u00fa Gir\u00e1n, y Kamino, arreglado por Mauricio Lencinas, los dos cantados por Juanjo Cecc\u00f3n. Despu\u00e9s, Coraz\u00f3n delator, de Soda Stereo, y Qu\u00e9 ves, de&nbsp; Divididos, ambos interpretados por Facundo Ferreyra.<\/p>\n\n\n\n<p>Finaliz\u00f3 el espect\u00e1culo con&nbsp;la Cantata a Arroyito Luz del Cielo, con texto de Elma Ferreyra de Boetto y m\u00fasica de Pablo Fern\u00e1ndez, en la voz de Facundo Ferreyra&nbsp;y coreograf\u00eda del Ballet y Escuela Municipal de Danzas Folcl\u00f3ricas y Tango.<\/p>\n\n\n\n<p>La Noche de Gala culmin\u00f3 con las palabras alusivas del intendente Mauricio Cravero, quien tambi\u00e9n encabez\u00f3 la entrega de reconocimientos a los artistas. Luego tambi\u00e9n Cravero y la viceintendente Graciela Tristany entregaron una Bandera de Ceremonia de Arroyito a las autoridades anfitrionas, director Gustavo Montero y vice Mariano Acosta. <\/p>\n\n\n\n<p>El p\u00fablico aplaudi\u00f3 de pi\u00e9 en varias ocasiones, un espect\u00e1culo de excelencia donde otra vez, los valores locales de la m\u00fasica y de la danza optimizaron una Gala Patria inolvidable. <\/p>\n\n\n\n<p>Fuente: Prensa Municipal. <\/p>\n","protected":false},"excerpt":{"rendered":"<p>Coro, Banda y Ballet brillaron y fueron acompa\u00f1ados por destacados artistas locales: Nicol\u00e1s Baravalle, Alfredo Rivero, Facundo Quiroga, Juanjo Cecc\u00f3n&hellip;<\/p>\n","protected":false},"author":3,"featured_media":3914,"comment_status":"closed","ping_status":"open","sticky":false,"template":"","format":"standard","meta":{"footnotes":""},"categories":[2],"tags":[66,67,836,93,98,99,247,259,864,472,555,556,572],"class_list":["post-3913","post","type-post","status-publish","format-standard","has-post-thumbnail","hentry","category-cultura-y-espectaculos","tag-arroyito","tag-arroyito-cordoba","tag-arroyito-online","tag-ballet-municipal","tag-banda-municipal","tag-banda-sinfonica","tag-coro","tag-cultura","tag-cultura-y-espectaculos-online","tag-juanjo-ceccon","tag-municipalidad","tag-municipalidad-de-arroyito","tag-noticias-de-arroyito-y-zona"],"_links":{"self":[{"href":"https:\/\/arroyitoonline.com.ar\/index.php?rest_route=\/wp\/v2\/posts\/3913","targetHints":{"allow":["GET"]}}],"collection":[{"href":"https:\/\/arroyitoonline.com.ar\/index.php?rest_route=\/wp\/v2\/posts"}],"about":[{"href":"https:\/\/arroyitoonline.com.ar\/index.php?rest_route=\/wp\/v2\/types\/post"}],"author":[{"embeddable":true,"href":"https:\/\/arroyitoonline.com.ar\/index.php?rest_route=\/wp\/v2\/users\/3"}],"replies":[{"embeddable":true,"href":"https:\/\/arroyitoonline.com.ar\/index.php?rest_route=%2Fwp%2Fv2%2Fcomments&post=3913"}],"version-history":[{"count":2,"href":"https:\/\/arroyitoonline.com.ar\/index.php?rest_route=\/wp\/v2\/posts\/3913\/revisions"}],"predecessor-version":[{"id":3917,"href":"https:\/\/arroyitoonline.com.ar\/index.php?rest_route=\/wp\/v2\/posts\/3913\/revisions\/3917"}],"wp:featuredmedia":[{"embeddable":true,"href":"https:\/\/arroyitoonline.com.ar\/index.php?rest_route=\/wp\/v2\/media\/3914"}],"wp:attachment":[{"href":"https:\/\/arroyitoonline.com.ar\/index.php?rest_route=%2Fwp%2Fv2%2Fmedia&parent=3913"}],"wp:term":[{"taxonomy":"category","embeddable":true,"href":"https:\/\/arroyitoonline.com.ar\/index.php?rest_route=%2Fwp%2Fv2%2Fcategories&post=3913"},{"taxonomy":"post_tag","embeddable":true,"href":"https:\/\/arroyitoonline.com.ar\/index.php?rest_route=%2Fwp%2Fv2%2Ftags&post=3913"}],"curies":[{"name":"wp","href":"https:\/\/api.w.org\/{rel}","templated":true}]}}