{"id":3919,"date":"2019-05-27T21:11:21","date_gmt":"2019-05-27T21:11:21","guid":{"rendered":"http:\/\/arroyitoonline.com.ar\/?p=3919"},"modified":"2019-05-28T00:12:03","modified_gmt":"2019-05-28T00:12:03","slug":"arroyito-celebro-los-209-anos-de-la-patria-con-gran-concurrencia","status":"publish","type":"post","link":"https:\/\/arroyitoonline.com.ar\/?p=3919","title":{"rendered":"Arroyito celebr\u00f3 los 209 a\u00f1os de la Patria con gran concurrencia"},"content":{"rendered":"\n<p><strong>En una ma\u00f1ana de s\u00e1bado 25 fr\u00eda y ventosa, la ciudadan\u00eda hizo del acto una fiesta popular. <\/strong><\/p>\n\n\n\n<p>En una fr\u00eda y ventosa ma\u00f1ana de s\u00e1bado 25, Arroyito le rindi\u00f3 un concurrido homenaje a la Patria, en el 209\u00ba Aniversario de la Revoluci\u00f3n de Mayo.<\/p>\n\n\n\n<p>Como en los \u00faltimos a\u00f1os, cerca de las 9:30 se concret\u00f3 la recepci\u00f3n de autoridades en el edificio municipal, con un desayuno t\u00edpico, donde confluyeron los actores sociales m\u00e1s importantes de la ciudad: funcionarios p\u00fablicos y representantes de instituciones y empresas locales. <\/p>\n\n\n\n<p>A continuaci\u00f3n, todos los presentes se cruzaron a la Plaza 25 de Mayo, donde izaron la Bandera Argentina, mientras sonaba la \u00f3pera nacional Aurora interpretada por la Banda Sinf\u00f3nica. <\/p>\n\n\n\n<p>Despu\u00e9s, fueron hasta la Parroquia Nuestra Se\u00f1ora de la Merced, lugar en el cual participaron del Tedeum, encabezado por el cura p\u00e1rroco presb\u00edtero Gabriel Camusso quien, con sus palabras, aludi\u00f3 a la pirotecnia verbal en \u00e9poca electoral. <em>&#8220;Hay que amar a la Patria&#8221;<\/em>, dijo en este sentido el sacerdote, y agreg\u00f3 que <em>&#8220;debemos aprender a ponernos en el lugar de los otros. Miremos sino a Jes\u00fas, cu\u00e1nta paciencia debi\u00f3 tener en los tres a\u00f1os de su vida p\u00fablica. Su reino no es un reino de poder para los terrenos, sino uno de servicio y donaci\u00f3n a los dem\u00e1s. Hay que mirar m\u00e1s lejos para asumir con responsabilidad la propia misi\u00f3n. Dejar elegir al que se equivoca y ayudar al que no sabe&#8221;<\/em>. <\/p>\n\n\n\n<p>Una vez concluida la ceremonia en acci\u00f3n de gracias, y ya otra vez en la plaza c\u00e9ntrica, el p\u00fablico que se congreg\u00f3 de manera masiva, disfrut\u00f3 de la maestr\u00eda de Juanjo Cecc\u00f3n, con su interpretaci\u00f3n del cl\u00e1sico de Charly Garc\u00eda, Inconsciente colectivo. A continuaci\u00f3n, el grupo musical Semillitas de sue\u00f1o reversion\u00f3 El sol del 25, coreografiado por todas las academias locales: Escuela Superior de Danzas CEFA, Taller de Folclore del Centro Vecinal Xanaes, Centro Vecinal San Miguel y Escuela y Ballet Municipal. <\/p>\n\n\n\n<p>M\u00e1s tarde, fue el turno del \u00faltimo discurso del intendente Mauricio Cravero en su actual gesti\u00f3n de gobierno, que finaliza en diciembre. El primer mandatario local calific\u00f3 a Arroyito como <em>&#8220;una isla en el pa\u00eds, fruto del compromiso y del trabajo de nuestra gente, organizando esta verdadera fiesta popular&#8221;<\/em> y agradeci\u00f3 a su equipo de gobierno <em>&#8220;que me ayuda para que todos los d\u00edas tratemos de hacer lo mejor, de equivocarnos lo menos posible&#8221;<\/em>. Cravero tambi\u00e9n dio las gracias <em>&#8220;a cada una de las personas que vive ac\u00e1, diciendo s\u00ed a este querido Arroyito, que es nuestro&#8221;<\/em>. <\/p>\n\n\n\n<p>El momento m\u00e1s esperado tambi\u00e9n lleg\u00f3. Sobre la calle Rivadavia, entre V\u00e9lez Sarsfield y General Paz, desfilaron las fuerzas vivas: un grupo de soldados, instituciones educativas de todos los niveles, Polic\u00eda de la Provincia, Bomberos Voluntarios, inspectores municipales de Tr\u00e1nsito y otras entidades intermedias.<\/p>\n\n\n\n<figure class=\"wp-block-embed-facebook wp-block-embed is-type-video is-provider-facebook\"><div class=\"wp-block-embed__wrapper\">\nhttps:\/\/www.facebook.com\/arroyitoonlineoficial\/videos\/311688783090266\/\n<\/div><\/figure>\n\n\n\n<p>M\u00e1s tarde, una vez finalizado el momento protocolar, se lucieron los m\u00e1s de 33 puestos gastron\u00f3micos que distintas instituciones y comisiones prepararon para la ocasi\u00f3n. Se vendieron desde empanadas y pastelitos, hasta asado y choripanes, pasando por tortas y caf\u00e9. De todo y para todos los gustos, fue comercializado a beneficio y con una masiva colaboraci\u00f3n de los presentes, que dejaron tanto mesas, como bandejas y parrillas vac\u00edas. <\/p>\n\n\n\n<p>Desde el Ejecutivo felicitaron <em>&#8220;a todos los que hicieron de este festejo una Gran Fiesta Patria&#8221;<\/em>.<\/p>\n\n\n\n<p>La foto es propiedad de Arroyito Online. Todos los derechos reservados. <\/p>\n","protected":false},"excerpt":{"rendered":"<p>En una ma\u00f1ana de s\u00e1bado 25 fr\u00eda y ventosa, la ciudadan\u00eda hizo del acto una fiesta popular. En una fr\u00eda&hellip;<\/p>\n","protected":false},"author":3,"featured_media":3920,"comment_status":"closed","ping_status":"open","sticky":false,"template":"","format":"standard","meta":{"footnotes":""},"categories":[900],"tags":[16,66,67,836,253,967,527,868,555,556,571,572,628],"class_list":["post-3919","post","type-post","status-publish","format-standard","has-post-thumbnail","hentry","category-noticias","tag-25-de-mayo","tag-arroyito","tag-arroyito-cordoba","tag-arroyito-online","tag-cravero","tag-dia-de-la-patria","tag-mauricio-cravero","tag-municipales-online","tag-municipalidad","tag-municipalidad-de-arroyito","tag-noticia","tag-noticias-de-arroyito-y-zona","tag-plaza-25-de-mayo"],"_links":{"self":[{"href":"https:\/\/arroyitoonline.com.ar\/index.php?rest_route=\/wp\/v2\/posts\/3919","targetHints":{"allow":["GET"]}}],"collection":[{"href":"https:\/\/arroyitoonline.com.ar\/index.php?rest_route=\/wp\/v2\/posts"}],"about":[{"href":"https:\/\/arroyitoonline.com.ar\/index.php?rest_route=\/wp\/v2\/types\/post"}],"author":[{"embeddable":true,"href":"https:\/\/arroyitoonline.com.ar\/index.php?rest_route=\/wp\/v2\/users\/3"}],"replies":[{"embeddable":true,"href":"https:\/\/arroyitoonline.com.ar\/index.php?rest_route=%2Fwp%2Fv2%2Fcomments&post=3919"}],"version-history":[{"count":2,"href":"https:\/\/arroyitoonline.com.ar\/index.php?rest_route=\/wp\/v2\/posts\/3919\/revisions"}],"predecessor-version":[{"id":3923,"href":"https:\/\/arroyitoonline.com.ar\/index.php?rest_route=\/wp\/v2\/posts\/3919\/revisions\/3923"}],"wp:featuredmedia":[{"embeddable":true,"href":"https:\/\/arroyitoonline.com.ar\/index.php?rest_route=\/wp\/v2\/media\/3920"}],"wp:attachment":[{"href":"https:\/\/arroyitoonline.com.ar\/index.php?rest_route=%2Fwp%2Fv2%2Fmedia&parent=3919"}],"wp:term":[{"taxonomy":"category","embeddable":true,"href":"https:\/\/arroyitoonline.com.ar\/index.php?rest_route=%2Fwp%2Fv2%2Fcategories&post=3919"},{"taxonomy":"post_tag","embeddable":true,"href":"https:\/\/arroyitoonline.com.ar\/index.php?rest_route=%2Fwp%2Fv2%2Ftags&post=3919"}],"curies":[{"name":"wp","href":"https:\/\/api.w.org\/{rel}","templated":true}]}}