{"id":3937,"date":"2019-05-29T03:32:47","date_gmt":"2019-05-29T03:32:47","guid":{"rendered":"http:\/\/arroyitoonline.com.ar\/?p=3937"},"modified":"2019-05-29T03:32:48","modified_gmt":"2019-05-29T03:32:48","slug":"la-curva-fue-sede-de-una-nueva-conmemoracion-del-dia-naranja","status":"publish","type":"post","link":"https:\/\/arroyitoonline.com.ar\/?p=3937","title":{"rendered":"La Curva fue sede de una nueva conmemoraci\u00f3n del D\u00eda Naranja"},"content":{"rendered":"\n<p><strong>Con la intervenci\u00f3n del Taller de Teatro para Adultos dirigido por Ayel\u00e9n Juan, se analizaron diversas situaciones de la mano de la psic\u00f3loga Magal\u00ed Ledesma. <\/strong><\/p>\n\n\n\n<p>El viernes 24, en el Sal\u00f3n Multiusos de Paraje La Curva, el Consejo Municipal de la Mujer desarroll\u00f3 una nueva actividad enmarcada en el D\u00eda Naranja (prevenci\u00f3n de la violencia contra las mujeres). En la oportunidad, la psic\u00f3loga Magal\u00ed Ledesma coordin\u00f3 una charla de prevenci\u00f3n y concientizaci\u00f3n, que cont\u00f3 con la intervenci\u00f3n del Taller de Teatro para Adultos de la Casa de la Cultura, dirigido por Ayel\u00e9n Juan.<\/p>\n\n\n\n<p>Considerando la aceptaci\u00f3n que tuvo esta din\u00e1mica el pasado mes de abril en Arroyito, y a pedido de la gente del paraje La Curva, es que se replic\u00f3 la acci\u00f3n, con un c\u00e1lido p\u00fablico atento y participativo.<\/p>\n\n\n\n<p>El primer sketch presentado fue La nena, con la participaci\u00f3n de Lidia Montero, Dolly Urqu\u00eda, Mar\u00eda Isabel Baima y Elba Villacorta. Luego fue el turno de la obra Los Novios interpretada por los actores Rosa Gigena, Chala Soldavini y Luc\u00eda Ludue\u00f1a, generando en ambas oportunidades el an\u00e1lisis de las situaciones, a trav\u00e9s de la psic\u00f3loga del Consejo de la Mujer, con un debate entre los presentes sobre una problem\u00e1tica que nos aqueja e involucra a todos.<\/p>\n\n\n\n<p>En la oportunidad estuvieron presentes la viceintendente Graciela Tristany,\u00a0el secretario de Gobierno Ignacio Cabello, el secretario de Obras P\u00fablicas Daniel Lafarina, la coordinadora del Consejo de la Mujer Edith Brav\u00edn, docentes, integrantes del Consejo de la Mujer y p\u00fablico en general.<\/p>\n\n\n\n<p>Fuente: Prensa Municipal. <\/p>\n","protected":false},"excerpt":{"rendered":"<p>Con la intervenci\u00f3n del Taller de Teatro para Adultos dirigido por Ayel\u00e9n Juan, se analizaron diversas situaciones de la mano&hellip;<\/p>\n","protected":false},"author":3,"featured_media":3938,"comment_status":"closed","ping_status":"open","sticky":false,"template":"","format":"standard","meta":{"footnotes":""},"categories":[5],"tags":[66,67,836,232,292,483,878,572,650,808,809],"class_list":["post-3937","post","type-post","status-publish","format-standard","has-post-thumbnail","hentry","category-infomujer","tag-arroyito","tag-arroyito-cordoba","tag-arroyito-online","tag-consejo-de-la-mujer","tag-dia-naranja","tag-la-curva","tag-noti-mujer-online","tag-noticias-de-arroyito-y-zona","tag-prevencion","tag-violencia","tag-violencia-de-genero"],"_links":{"self":[{"href":"https:\/\/arroyitoonline.com.ar\/index.php?rest_route=\/wp\/v2\/posts\/3937","targetHints":{"allow":["GET"]}}],"collection":[{"href":"https:\/\/arroyitoonline.com.ar\/index.php?rest_route=\/wp\/v2\/posts"}],"about":[{"href":"https:\/\/arroyitoonline.com.ar\/index.php?rest_route=\/wp\/v2\/types\/post"}],"author":[{"embeddable":true,"href":"https:\/\/arroyitoonline.com.ar\/index.php?rest_route=\/wp\/v2\/users\/3"}],"replies":[{"embeddable":true,"href":"https:\/\/arroyitoonline.com.ar\/index.php?rest_route=%2Fwp%2Fv2%2Fcomments&post=3937"}],"version-history":[{"count":1,"href":"https:\/\/arroyitoonline.com.ar\/index.php?rest_route=\/wp\/v2\/posts\/3937\/revisions"}],"predecessor-version":[{"id":3939,"href":"https:\/\/arroyitoonline.com.ar\/index.php?rest_route=\/wp\/v2\/posts\/3937\/revisions\/3939"}],"wp:featuredmedia":[{"embeddable":true,"href":"https:\/\/arroyitoonline.com.ar\/index.php?rest_route=\/wp\/v2\/media\/3938"}],"wp:attachment":[{"href":"https:\/\/arroyitoonline.com.ar\/index.php?rest_route=%2Fwp%2Fv2%2Fmedia&parent=3937"}],"wp:term":[{"taxonomy":"category","embeddable":true,"href":"https:\/\/arroyitoonline.com.ar\/index.php?rest_route=%2Fwp%2Fv2%2Fcategories&post=3937"},{"taxonomy":"post_tag","embeddable":true,"href":"https:\/\/arroyitoonline.com.ar\/index.php?rest_route=%2Fwp%2Fv2%2Ftags&post=3937"}],"curies":[{"name":"wp","href":"https:\/\/api.w.org\/{rel}","templated":true}]}}