{"id":3940,"date":"2019-05-29T20:53:02","date_gmt":"2019-05-29T20:53:02","guid":{"rendered":"http:\/\/arroyitoonline.com.ar\/?p=3940"},"modified":"2019-05-29T20:55:43","modified_gmt":"2019-05-29T20:55:43","slug":"la-biblioteca-hace-campana-para-que-los-libros-prestados-vuelvan-a-la-institucion","status":"publish","type":"post","link":"https:\/\/arroyitoonline.com.ar\/?p=3940","title":{"rendered":"La Biblioteca hace campa\u00f1a para que los libros prestados vuelvan a la instituci\u00f3n"},"content":{"rendered":"\n<p><strong>Por \u00fanica vez, en el mes de julio, quienes retengan libros podr\u00e1n devolverlos sin pagar la multa por lo adeudado. <\/strong><\/p>\n\n\n\n<p>La Biblioteca Municipal Popular\u00a0Almafuerte invita a toda la comunidad\u00a0a sumarse a la campa\u00f1a <em>\u201cYo elijo devolver el Libro \u201c<\/em>.<\/p>\n\n\n\n<p><em>&#8220;Nos sentimos&nbsp;pensativos y movilizados al tener que enfrentar&nbsp;ausencias de libros que no vuelven a la instituci\u00f3n&#8221;<\/em>, se\u00f1alaron desde la entidad, y agregaron que apelan&nbsp;a la buena predisposici\u00f3n <em>&#8220;para que su devoluci\u00f3n pueda concretarse en el marco de un tiempo estipulado considerando que, de acuerdo a todas las moras de a\u00f1os anteriores, dispondremos por \u00fanica vez&nbsp;durante el mes de Julio a que lo devuelvan sin pagar multa por lo adeudado&#8221;<\/em>.<\/p>\n\n\n\n<p>Tomemos conciencia de que, si devolvemos el libro, seguir\u00e1 circulando para otros lectores que lo requieran. Que los ejemplares vuelvan a su lugar depende solo de la colaboraci\u00f3n de los socios. <\/p>\n\n\n\n<p><em>&#8220;Seamos solidarios, juntos podemos llevar adelante el crecimiento de esta cuna de la cultura&#8221;<\/em>, remarcaron. <\/p>\n\n\n\n<p>Fuente: Prensa Municipal.<\/p>\n\n\n\n<p>Foto a modo ilustrativo.<\/p>\n","protected":false},"excerpt":{"rendered":"<p>Por \u00fanica vez, en el mes de julio, quienes retengan libros podr\u00e1n devolverlos sin pagar la multa por lo adeudado.&hellip;<\/p>\n","protected":false},"author":3,"featured_media":3941,"comment_status":"closed","ping_status":"open","sticky":false,"template":"","format":"standard","meta":{"footnotes":""},"categories":[2],"tags":[66,67,836,117,886,492,572],"class_list":["post-3940","post","type-post","status-publish","format-standard","has-post-thumbnail","hentry","category-cultura-y-espectaculos","tag-arroyito","tag-arroyito-cordoba","tag-arroyito-online","tag-biblioteca","tag-biblioteca-municipal-popular-almafuerte","tag-libros","tag-noticias-de-arroyito-y-zona"],"_links":{"self":[{"href":"https:\/\/arroyitoonline.com.ar\/index.php?rest_route=\/wp\/v2\/posts\/3940","targetHints":{"allow":["GET"]}}],"collection":[{"href":"https:\/\/arroyitoonline.com.ar\/index.php?rest_route=\/wp\/v2\/posts"}],"about":[{"href":"https:\/\/arroyitoonline.com.ar\/index.php?rest_route=\/wp\/v2\/types\/post"}],"author":[{"embeddable":true,"href":"https:\/\/arroyitoonline.com.ar\/index.php?rest_route=\/wp\/v2\/users\/3"}],"replies":[{"embeddable":true,"href":"https:\/\/arroyitoonline.com.ar\/index.php?rest_route=%2Fwp%2Fv2%2Fcomments&post=3940"}],"version-history":[{"count":2,"href":"https:\/\/arroyitoonline.com.ar\/index.php?rest_route=\/wp\/v2\/posts\/3940\/revisions"}],"predecessor-version":[{"id":3943,"href":"https:\/\/arroyitoonline.com.ar\/index.php?rest_route=\/wp\/v2\/posts\/3940\/revisions\/3943"}],"wp:featuredmedia":[{"embeddable":true,"href":"https:\/\/arroyitoonline.com.ar\/index.php?rest_route=\/wp\/v2\/media\/3941"}],"wp:attachment":[{"href":"https:\/\/arroyitoonline.com.ar\/index.php?rest_route=%2Fwp%2Fv2%2Fmedia&parent=3940"}],"wp:term":[{"taxonomy":"category","embeddable":true,"href":"https:\/\/arroyitoonline.com.ar\/index.php?rest_route=%2Fwp%2Fv2%2Fcategories&post=3940"},{"taxonomy":"post_tag","embeddable":true,"href":"https:\/\/arroyitoonline.com.ar\/index.php?rest_route=%2Fwp%2Fv2%2Ftags&post=3940"}],"curies":[{"name":"wp","href":"https:\/\/api.w.org\/{rel}","templated":true}]}}