{"id":3944,"date":"2019-05-31T12:45:25","date_gmt":"2019-05-31T12:45:25","guid":{"rendered":"http:\/\/arroyitoonline.com.ar\/?p=3944"},"modified":"2019-05-31T17:59:45","modified_gmt":"2019-05-31T17:59:45","slug":"la-velez-reedito-un-clasico-el-fieston-del-los-jardines-de-infantes","status":"publish","type":"post","link":"https:\/\/arroyitoonline.com.ar\/?p=3944","title":{"rendered":"La V\u00e9lez reedit\u00f3 un cl\u00e1sico: el fiest\u00f3n de los Jardines de Infantes y de la Maestra Jardinera"},"content":{"rendered":"\n<p><strong>En dos turnos, 1.100 alumnos de Nivel Inicial de toda la zona, celebraron el D\u00eda de la Maestra Jardinera, con teatro, m\u00fasica y alimentos saludables. <\/strong><\/p>\n\n\n\n<p>El pasado martes 28 por la ma\u00f1ana y por la tarde, la escuela Dr. Dalmacio V\u00e9lez Sarsfield reedit\u00f3 un cl\u00e1sico, la Fiesta de los Jardines de Infantes, que cont\u00f3 con la participaci\u00f3n de m\u00e1s de 1.100 ni\u00f1os de Nivel Inicial de toda la zona. <\/p>\n\n\n\n<p>En la oportunidad, y en el primer turno del evento, se sumaron a los miembros de la comunidad educativa velezana, autoridades municipales: la viceintendente Graciela Tristany; los secretarios de Gobierno, Ignacio Cabello, y de Obras P\u00fablicas, Daniel Lafarina, y la directora de Cultura, Viviana Sam Sam.<\/p>\n\n\n\n<p>Adem\u00e1s, en la ocasi\u00f3n, alumnos de 3\u00b0 y 6\u00b0 a\u00f1os fueron los anfitriones de la celebraci\u00f3n, que incluy\u00f3 la presentaci\u00f3n de la obra de teatro El tesoro de los ni\u00f1os, desayunos y meriendas saludables, juegos y personajes infantiles. Fue un fiest\u00f3n, como acostumbra la V\u00e9lez.<\/p>\n\n\n\n<p>Cabe destacar que cada 28 de mayo se conmemora el D\u00eda de los Jardines de Infantes y de la Maestra Jardinera, en memoria y como reconocimiento a Rosario Vera Pe\u00f1aloza, precursora y defensora de la educaci\u00f3n de ni\u00f1os.<\/p>\n\n\n\n<p><strong>Rosario Vera Pe\u00f1aloza<\/strong><\/p>\n\n\n\n<p>Naci\u00f3 el 25 de diciembre de 1873 en Atiles, un pueblo de La Rioja. Qued\u00f3 hu\u00e9rfana cuando era muy peque\u00f1a y su t\u00eda materna fue quien la cuid\u00f3 y gui\u00f3 en sus estudios primarios en Atiles, que luego terminar\u00eda en la provincia de San Juan. En 1884 regres\u00f3 a su tierra natal. Ingres\u00f3 a la Escuela Normal de La Rioja, la cual era dirigida por maestras norteamericanas. All\u00ed, en 1888, se gradu\u00f3 como Maestra Normal.<\/p>\n\n\n\n<p>En 1892 se fue a estudiar a la ciudad de Paran\u00e1, donde obtuvo el t\u00edtulo de Profesora Normal en 1894. De manera paralela, estudiaba el profesorado destinado a los jardines de infantes. En 1897 se gradu\u00f3 como profesora de Kindergarten, en la Escuela de Profesores del Jard\u00edn de Infantes.<\/p>\n\n\n\n<p>Foto: Facebook profesora Sandra Oliva. <\/p>\n","protected":false},"excerpt":{"rendered":"<p>En dos turnos, 1.100 alumnos de Nivel Inicial de toda la zona, celebraron el D\u00eda de la Maestra Jardinera, con&hellip;<\/p>\n","protected":false},"author":3,"featured_media":3945,"comment_status":"closed","ping_status":"open","sticky":false,"template":"","format":"standard","meta":{"footnotes":""},"categories":[830],"tags":[66,67,836,310,888,465,572],"class_list":["post-3944","post","type-post","status-publish","format-standard","has-post-thumbnail","hentry","category-educacion-online","tag-arroyito","tag-arroyito-cordoba","tag-arroyito-online","tag-educacion","tag-escuela-dr-dalmacio-velez-sarsfield","tag-jardin-de-infantes","tag-noticias-de-arroyito-y-zona"],"_links":{"self":[{"href":"https:\/\/arroyitoonline.com.ar\/index.php?rest_route=\/wp\/v2\/posts\/3944","targetHints":{"allow":["GET"]}}],"collection":[{"href":"https:\/\/arroyitoonline.com.ar\/index.php?rest_route=\/wp\/v2\/posts"}],"about":[{"href":"https:\/\/arroyitoonline.com.ar\/index.php?rest_route=\/wp\/v2\/types\/post"}],"author":[{"embeddable":true,"href":"https:\/\/arroyitoonline.com.ar\/index.php?rest_route=\/wp\/v2\/users\/3"}],"replies":[{"embeddable":true,"href":"https:\/\/arroyitoonline.com.ar\/index.php?rest_route=%2Fwp%2Fv2%2Fcomments&post=3944"}],"version-history":[{"count":6,"href":"https:\/\/arroyitoonline.com.ar\/index.php?rest_route=\/wp\/v2\/posts\/3944\/revisions"}],"predecessor-version":[{"id":3963,"href":"https:\/\/arroyitoonline.com.ar\/index.php?rest_route=\/wp\/v2\/posts\/3944\/revisions\/3963"}],"wp:featuredmedia":[{"embeddable":true,"href":"https:\/\/arroyitoonline.com.ar\/index.php?rest_route=\/wp\/v2\/media\/3945"}],"wp:attachment":[{"href":"https:\/\/arroyitoonline.com.ar\/index.php?rest_route=%2Fwp%2Fv2%2Fmedia&parent=3944"}],"wp:term":[{"taxonomy":"category","embeddable":true,"href":"https:\/\/arroyitoonline.com.ar\/index.php?rest_route=%2Fwp%2Fv2%2Fcategories&post=3944"},{"taxonomy":"post_tag","embeddable":true,"href":"https:\/\/arroyitoonline.com.ar\/index.php?rest_route=%2Fwp%2Fv2%2Ftags&post=3944"}],"curies":[{"name":"wp","href":"https:\/\/api.w.org\/{rel}","templated":true}]}}