{"id":3964,"date":"2019-06-02T19:36:17","date_gmt":"2019-06-02T19:36:17","guid":{"rendered":"http:\/\/arroyitoonline.com.ar\/?p=3964"},"modified":"2019-06-02T19:36:19","modified_gmt":"2019-06-02T19:36:19","slug":"benedetti-se-impuso-de-manera-amplia-en-un-sondeo-entre-precandidatos-de-la-ucr","status":"publish","type":"post","link":"https:\/\/arroyitoonline.com.ar\/?p=3964","title":{"rendered":"Benedetti se impuso de manera amplia en un sondeo entre precandidatos de la UCR"},"content":{"rendered":"\n<p><strong>El exintendente y actual concejal obtuvo el 64% de los votos emitidos por los miembros del grupo de Facebook que tiene Ok FM Arroyito.<\/strong><\/p>\n\n\n\n<p>D\u00edas pasados, el medio de comunicaci\u00f3n local Ok FM Arroyito, dirigido por Diego Griffa, a trav\u00e9s de su\u00a0<a href=\"https:\/\/www.facebook.com\/groups\/OKeyFMArroyito\/\">grupo de Facebook OKEY FM Arroyito 95.5<\/a>, realiz\u00f3 una encuesta abierta, en la cual sus seguidores pod\u00edan elegir\u00a0<strong>qui\u00e9n deber\u00eda ser el candidato del\u00a0Radicalismo\u00a0en\u00a0Arroyito.\u00a0<\/strong><\/p>\n\n\n\n<p>Del sondeo participaron 1.341 personas a lo largo de cinco d\u00edas. <strong>Result\u00f3 ganador por amplio margen, Gustavo Benedetti con m\u00e1s del 64% de los votos<\/strong>.<\/p>\n\n\n\n<figure class=\"wp-block-image\"><img loading=\"lazy\" decoding=\"async\" width=\"488\" height=\"378\" src=\"http:\/\/arroyitoonline.com.ar\/wp-content\/uploads\/2019\/06\/Dibujo.png\" alt=\"\" class=\"wp-image-3966\" srcset=\"https:\/\/arroyitoonline.com.ar\/wp-content\/uploads\/2019\/06\/Dibujo.png 488w, https:\/\/arroyitoonline.com.ar\/wp-content\/uploads\/2019\/06\/Dibujo-300x232.png 300w\" sizes=\"auto, (max-width: 488px) 100vw, 488px\" \/><figcaption><em>El contundente resultado de Benedetti<\/em><\/figcaption><\/figure>\n\n\n\n<p><span style=\"font-weight: 600; background-color: rgb(232, 234, 235);\">El exintendente y actual concejal del Bloque de la Mayor\u00eda, ha continuado trabajando con miras conducir por tercer per\u00edodo no consecutivo el municipio local. Seg\u00fan lo expresado por el propio Benedetti , el foco de su campa\u00f1a est\u00e1 puesto en el logro de &#8220;<em>una ciudad accesible a todos en salud, deporte, trabajo, cultura y educaci\u00f3n, creando la secretar\u00eda de Educaci\u00f3n, adem\u00e1s de la ejecuci\u00f3n de las obras relevantes pendientes, como los desag\u00fces, las cloacas de la zona sur y el parque industrial; considerando que se debe\u00a0<\/em><strong><em>conseguir un espacio amplio de participaci\u00f3n reuniendo a la mejor gente, sin mirar los partidismos&#8221;.<\/em><\/strong><\/span><\/p>\n\n\n\n<p>Fuente: Ok FM Arroyito 95.5.<\/p>\n\n\n\n<p><div><br><\/div><\/p>\n","protected":false},"excerpt":{"rendered":"<p>El exintendente y actual concejal obtuvo el 64% de los votos emitidos por los miembros del grupo de Facebook que&hellip;<\/p>\n","protected":false},"author":3,"featured_media":3969,"comment_status":"closed","ping_status":"open","sticky":false,"template":"","format":"standard","meta":{"footnotes":""},"categories":[8],"tags":[66,67,836,968,640,667,871,779],"class_list":["post-3964","post","type-post","status-publish","format-standard","has-post-thumbnail","hentry","category-politica","tag-arroyito","tag-arroyito-cordoba","tag-arroyito-online","tag-gustavo-benedetti","tag-politica","tag-radical","tag-radicalismo","tag-ucr"],"_links":{"self":[{"href":"https:\/\/arroyitoonline.com.ar\/index.php?rest_route=\/wp\/v2\/posts\/3964","targetHints":{"allow":["GET"]}}],"collection":[{"href":"https:\/\/arroyitoonline.com.ar\/index.php?rest_route=\/wp\/v2\/posts"}],"about":[{"href":"https:\/\/arroyitoonline.com.ar\/index.php?rest_route=\/wp\/v2\/types\/post"}],"author":[{"embeddable":true,"href":"https:\/\/arroyitoonline.com.ar\/index.php?rest_route=\/wp\/v2\/users\/3"}],"replies":[{"embeddable":true,"href":"https:\/\/arroyitoonline.com.ar\/index.php?rest_route=%2Fwp%2Fv2%2Fcomments&post=3964"}],"version-history":[{"count":3,"href":"https:\/\/arroyitoonline.com.ar\/index.php?rest_route=\/wp\/v2\/posts\/3964\/revisions"}],"predecessor-version":[{"id":3970,"href":"https:\/\/arroyitoonline.com.ar\/index.php?rest_route=\/wp\/v2\/posts\/3964\/revisions\/3970"}],"wp:featuredmedia":[{"embeddable":true,"href":"https:\/\/arroyitoonline.com.ar\/index.php?rest_route=\/wp\/v2\/media\/3969"}],"wp:attachment":[{"href":"https:\/\/arroyitoonline.com.ar\/index.php?rest_route=%2Fwp%2Fv2%2Fmedia&parent=3964"}],"wp:term":[{"taxonomy":"category","embeddable":true,"href":"https:\/\/arroyitoonline.com.ar\/index.php?rest_route=%2Fwp%2Fv2%2Fcategories&post=3964"},{"taxonomy":"post_tag","embeddable":true,"href":"https:\/\/arroyitoonline.com.ar\/index.php?rest_route=%2Fwp%2Fv2%2Ftags&post=3964"}],"curies":[{"name":"wp","href":"https:\/\/api.w.org\/{rel}","templated":true}]}}