{"id":3971,"date":"2019-05-30T12:32:55","date_gmt":"2019-05-30T12:32:55","guid":{"rendered":"http:\/\/arroyitoonline.com.ar\/?p=3971"},"modified":"2019-06-03T00:44:19","modified_gmt":"2019-06-03T00:44:19","slug":"el-ministerio-de-trabajo-realizo-controles-de-programas-implementados-por-la-oficina-de-empleo","status":"publish","type":"post","link":"https:\/\/arroyitoonline.com.ar\/?p=3971","title":{"rendered":"El Ministerio de Trabajo realiz\u00f3 controles de programas implementados por la oficina de Empleo"},"content":{"rendered":"\n<p><strong>Un representante de esa cartera nacional, Mariano Baldussi, se reuni\u00f3 con autoridades municipales. <\/strong><\/p>\n\n\n\n<p>El martes 29, el intendente Mauricio Cravero recibi\u00f3 en Gabinete a Mariano Balduzzi, miembro del equipo de la Gerencia de Empleo y Capacitaci\u00f3n del Ministerio de Producci\u00f3n y Trabajo de la Naci\u00f3n sede C\u00f3rdoba. El motivo de su visita fue la inspecci\u00f3n de los programas vigentes implementados desde la oficina de Empleo.\u00a0<\/p>\n\n\n\n<p>Adem\u00e1s participaron de la reuni\u00f3n, el secretario de Gobierno Ignacio Cabello, el secretario de Obras P\u00fablicas Daniel Lafarina y la coordinadora de la Oficina de Empleo, Viviana Vercelli.<\/p>\n\n\n\n<p>En esta oportunidad, el funcionario realiz\u00f3 controles al Programa J\u00f3venes Por M\u00e1s y Mejor Trabajo, en lo que respecta al Curso de Apoyo a la Empleabilidad e Integraci\u00f3n Social, y estuvo en algunas empresas donde los j\u00f3venes adheridos al Programa se encuentran realizando sus entrenamientos laborales.<\/p>\n\n\n\n<p>Cabe recordar que el Programa de Entrenamiento para el trabajo brinda incentivos econ\u00f3micos a los j\u00f3venes para que se entrenen en empresas de acuerdo a los puestos que necesiten. Durante el desarrollo del programa no se establece una relaci\u00f3n laboral entre las empresas y los j\u00f3venes, sino un acuerdo de entrenamiento. Desde el inicio de este Programa ya se han incorporado m\u00e1s de 80 j\u00f3venes de nuestra ciudad.<\/p>\n\n\n\n<p>Balduzzi valor\u00f3 la importancia de que Arroyito cuente con una oficina de Empleo y que se pueda, m\u00e1s all\u00e1 de la situaci\u00f3n econ\u00f3mica del pa\u00eds, <em>&#8220;seguir inculcando la cultura del trabajo a nuestros j\u00f3venes&#8221;<\/em>, se\u00f1alaron.<\/p>\n\n\n\n<p>Fuente: Prensa Municipal.<\/p>\n","protected":false},"excerpt":{"rendered":"<p>Un representante de esa cartera nacional, Mariano Baldussi, se reuni\u00f3 con autoridades municipales. El martes 29, el intendente Mauricio Cravero&hellip;<\/p>\n","protected":false},"author":3,"featured_media":3972,"comment_status":"closed","ping_status":"open","sticky":false,"template":"","format":"standard","meta":{"footnotes":""},"categories":[829],"tags":[66,67,836,253,527,537,868,555,556,580,969],"class_list":["post-3971","post","type-post","status-publish","format-standard","has-post-thumbnail","hentry","category-municipales-online","tag-arroyito","tag-arroyito-cordoba","tag-arroyito-online","tag-cravero","tag-mauricio-cravero","tag-ministerio-de-trabajo","tag-municipales-online","tag-municipalidad","tag-municipalidad-de-arroyito","tag-oficina-de-empleo","tag-vercelli"],"_links":{"self":[{"href":"https:\/\/arroyitoonline.com.ar\/index.php?rest_route=\/wp\/v2\/posts\/3971","targetHints":{"allow":["GET"]}}],"collection":[{"href":"https:\/\/arroyitoonline.com.ar\/index.php?rest_route=\/wp\/v2\/posts"}],"about":[{"href":"https:\/\/arroyitoonline.com.ar\/index.php?rest_route=\/wp\/v2\/types\/post"}],"author":[{"embeddable":true,"href":"https:\/\/arroyitoonline.com.ar\/index.php?rest_route=\/wp\/v2\/users\/3"}],"replies":[{"embeddable":true,"href":"https:\/\/arroyitoonline.com.ar\/index.php?rest_route=%2Fwp%2Fv2%2Fcomments&post=3971"}],"version-history":[{"count":1,"href":"https:\/\/arroyitoonline.com.ar\/index.php?rest_route=\/wp\/v2\/posts\/3971\/revisions"}],"predecessor-version":[{"id":3973,"href":"https:\/\/arroyitoonline.com.ar\/index.php?rest_route=\/wp\/v2\/posts\/3971\/revisions\/3973"}],"wp:featuredmedia":[{"embeddable":true,"href":"https:\/\/arroyitoonline.com.ar\/index.php?rest_route=\/wp\/v2\/media\/3972"}],"wp:attachment":[{"href":"https:\/\/arroyitoonline.com.ar\/index.php?rest_route=%2Fwp%2Fv2%2Fmedia&parent=3971"}],"wp:term":[{"taxonomy":"category","embeddable":true,"href":"https:\/\/arroyitoonline.com.ar\/index.php?rest_route=%2Fwp%2Fv2%2Fcategories&post=3971"},{"taxonomy":"post_tag","embeddable":true,"href":"https:\/\/arroyitoonline.com.ar\/index.php?rest_route=%2Fwp%2Fv2%2Ftags&post=3971"}],"curies":[{"name":"wp","href":"https:\/\/api.w.org\/{rel}","templated":true}]}}