{"id":3978,"date":"2019-06-03T03:45:52","date_gmt":"2019-06-03T03:45:52","guid":{"rendered":"http:\/\/arroyitoonline.com.ar\/?p=3978"},"modified":"2019-06-03T11:06:13","modified_gmt":"2019-06-03T11:06:13","slug":"tuve-que-vivir-de-cerca-la-perdida-de-una-amiga-que-con-tan-solo-12-anos-acabo-con-su-vida","status":"publish","type":"post","link":"https:\/\/arroyitoonline.com.ar\/?p=3978","title":{"rendered":"\u201cTuve que vivir de cerca la p\u00e9rdida de una amiga que, con tan solo 12 a\u00f1os, acab\u00f3 con su vida\u201d"},"content":{"rendered":"\n<p><strong>Marisol Garay (14) grab\u00f3 un video, en el cual alerta\nsobre el bullying que sufren muchos ni\u00f1os y adolescentes de Arroyito. Adem\u00e1s,\nun alarmante informe de Unicef plantea que se triplic\u00f3 el suicidio adolescente\nen los \u00faltimos 30 a\u00f1os. <\/strong><\/p>\n\n\n\n<p>En las \u00faltimas horas, se viraliz\u00f3 un video grabado por la joven de Arroyito Marisol Garay (14), que primero fue publicado en las redes sociales de Canal 3.<\/p>\n\n\n\n<p>En el material audiovisual, la chica alerta sobre una grave problem\u00e1tica que afecta a muchos ni\u00f1os y adolescentes de nuestra ciudad, el bullying o acoso escolar. <\/p>\n\n\n\n<figure class=\"wp-block-video\"><video height=\"368\" style=\"aspect-ratio: 640 \/ 368;\" width=\"640\" controls src=\"http:\/\/arroyitoonline.com.ar\/wp-content\/uploads\/2019\/06\/Marisol-garay-bullying.mp4\"><\/video><figcaption><em>El video de Marisol Garay, que se viraliza en las redes sociales.<\/em><\/figcaption><\/figure>\n\n\n\n<p>Marisol utiliza este espacio, no solo para hacer p\u00fablico su padecimiento y el de una amiga <em>&#8220;que, con tan solo 12 a\u00f1os, acab\u00f3 con su vida,&nbsp;tal vez porque no la supieron escuchar o no pudo hablar con nadie&#8221;<\/em>; sino tambi\u00e9n para dejar un mensaje esperanzador acerca del verdadero valor de la vida: <em>&#8220;te pido que no te quedes callado, porque tu vida es muy valiosa, no sab\u00e9s lo que vale tu vida. Tenemos que no ser tan ego\u00edstas y tratar de no pensar tanto en nosotros mismos, tratar de no pensar en todos los que nos odian y todas las cosas malas que nos hacen, sino tambi\u00e9n pensar en las personas que s\u00ed nos quieren o se preocupan por nosotros y les doler\u00eda si algo nos pasara&#8221;<\/em>. <\/p>\n\n\n\n<p>Ya en el cierre del video, se escucha a la adolescente diciendo que <em>&#8220;tu vida es muy importante, vale much\u00edsimo, no permitas que nadie te diga lo contrario. Hoy los j\u00f3venes alzamos nuestra voz porque ya nos cansamos de vivir esto, de tener p\u00e9rdidas. Te pido que me ayudes porque yo s\u00e9 que juntos podemos marcar la diferencia, que juntos podemos acabar con esto que se llama bullying. Basta de bullying&#8221;<\/em>.<\/p>\n\n\n\n<p>Video: Canal 3. <\/p>\n\n\n\n<p><strong>Alarmante informe de Unicef sobre el suicidio adolescente<\/strong><\/p>\n\n\n\n<p>El 30 de mayo, Unicef present\u00f3 un informe sobre el suicidio adolescente en el pa\u00eds, donde detalla que esta segunda causa de muerte entre los 10 y 19 a\u00f1os (la primera son las lesiones provocadas en siniestros viales) se triplic\u00f3 en 30 a\u00f1os. <\/p>\n\n\n\n<p>La investigaci\u00f3n, que va m\u00e1s all\u00e1 de un an\u00e1lisis de las estad\u00edsticas nacionales, incluy\u00f3 las autopsias psicol\u00f3gicas con allegados de 27 casos consumados y entrevistas con 28 adolescentes que intentaron suicidarse, adem\u00e1s de 10 a especialistas referentes y seis a funcionarios que intervienen en el registro y la producci\u00f3n de informaci\u00f3n estad\u00edstica.<\/p>\n\n\n\n<p>Los datos permitieron, no solo que se detecte que son escasas las pol\u00edticas p\u00fablicas de prevenci\u00f3n y asistencia oportuna en el caso de los intentos o la manera en que se registran los datos epidemiol\u00f3gicos para que puedan definirse esas pol\u00edticas, sino tambi\u00e9n la construcci\u00f3n, por primera vez, de lo que denominaron &#8220;tipos ideales&#8221;, que describen de manera general qu\u00e9 influy\u00f3 en las experiencias relevadas.<\/p>\n\n\n\n<p>Aunque, esas tipolog\u00edas se aplican a los casos estudiados, son una primera aproximaci\u00f3n a los factores que predominan en la conducta suicida adolescente, que se van acumulando en el tiempo (a largo o a mediano plazo) o son desencadenantes y servir\u00edan para intervenir a tiempo.<\/p>\n\n\n\n<p>En el largo plazo, incluyen la violencia intrafamiliar, el abuso sexual, la falta de contenci\u00f3n en la familia, un trastorno mental no atendido. Mientras que, en el mediano plazo, aparecen los problemas escolares, la violencia de pareja, el consumo de sustancias, la ausencia de v\u00ednculos fuera de la familia y el acoso escolar o\u00a0<em>bullying<\/em>.<\/p>\n\n\n\n<p>Pueden actuar como hechos o experiencias desencadenantes la p\u00e9rdida de personas significativas (padres, amigos y parejas, entre otras), la sensaci\u00f3n de fracaso o no poder cumplir con las expectativas propias o de los dem\u00e1s (incluye la educaci\u00f3n, el trabajo, la identidad de g\u00e9nero y la religi\u00f3n, entre otros) y la violencia o el abuso sexual cuando no se pueden comunicar.<\/p>\n\n\n\n<p><em>&#8220;La muerte autoprovocada nunca es el resultado de un solo factor o hecho. No obstante, los profesionales de la salud que trabajan en este campo advierten que pueden identificarse algunas causas que, combinadas con otros factores, podr\u00edan llevar a una conducta suicida&#8221;<\/em>, se\u00f1alan desde Unicef.<\/p>\n\n\n\n<p>Fuente: La Naci\u00f3n.<\/p>\n\n\n\n<p><strong>PREVENGAMOS ENTRE TODOS<\/strong><\/p>\n\n\n\n<p>Entre los signos de alarma de una crisis suicida se encuentran los siguientes: llanto inconsolable, tendencia al aislamiento, amenazas suicidas, deseos de morir, desesperanza, s\u00fabitos cambios de conducta, afectos y h\u00e1bitos, aislamiento, conductas inusuales, consumo excesivo de alcohol o drogas, realizaci\u00f3n de notas de despedidas, etc.<br><\/p>\n\n\n\n<p>Los que siguen se consideran grupos de riesgo suicida:<br>-Las personas que est\u00e1n atravesando un proceso depresivo<br>-Los que tienen ideas suicidas o amenazan con el suicidio<br>-Los sujetos que hayan realizado un intento suicida<br>-Los sujetos en situaciones de crisis<br>-Los sobrevivientes o familiares del suicida<br><\/p>\n\n\n\n<p>Qu\u00e9 debemos hacer en caso de detectar un sujeto con riesgo de suicidio:<br>-Preguntarle siempre a esa persona en situaci\u00f3n de riesgo si ha pensado en el suicidio.<br>-Si la respuesta es afirmativa, evitar su acceso a cualquier m\u00e9todo que pueda da\u00f1arlo. Nunca dejarlo a solas mientras persistan las ideas suicidas.<br>-Avisarles a otras personas significativas para el sujeto que contribuyan a que evite la ocurrencia de un acto suicida.<br>-Acercarlo a las fuentes de salud para que reciba atenci\u00f3n especializada.<br><\/p>\n\n\n\n<p>Ante cualquier duda o consulta, comunicarse con el Centro de Asistencia al Suicida C\u00f3rdoba: l\u00ednea gratuita 135 \u00f3 0351-4265755.<br><\/p>\n\n\n\n<p>Fuente: Ministerio de Salud de la Naci\u00f3n. <\/p>\n","protected":false},"excerpt":{"rendered":"<p>Marisol Garay (14) grab\u00f3 un video, en el cual alerta sobre el bullying que sufren muchos ni\u00f1os y adolescentes de&hellip;<\/p>\n","protected":false},"author":3,"featured_media":3980,"comment_status":"closed","ping_status":"open","sticky":false,"template":"","format":"standard","meta":{"footnotes":""},"categories":[962],"tags":[26,31,66,67,836,970,548,570],"class_list":["post-3978","post","type-post","status-publish","format-standard","has-post-thumbnail","hentry","category-ninez-y-adolescencia","tag-acoso","tag-adolescentes","tag-arroyito","tag-arroyito-cordoba","tag-arroyito-online","tag-bullying","tag-muerte","tag-ninez"],"_links":{"self":[{"href":"https:\/\/arroyitoonline.com.ar\/index.php?rest_route=\/wp\/v2\/posts\/3978","targetHints":{"allow":["GET"]}}],"collection":[{"href":"https:\/\/arroyitoonline.com.ar\/index.php?rest_route=\/wp\/v2\/posts"}],"about":[{"href":"https:\/\/arroyitoonline.com.ar\/index.php?rest_route=\/wp\/v2\/types\/post"}],"author":[{"embeddable":true,"href":"https:\/\/arroyitoonline.com.ar\/index.php?rest_route=\/wp\/v2\/users\/3"}],"replies":[{"embeddable":true,"href":"https:\/\/arroyitoonline.com.ar\/index.php?rest_route=%2Fwp%2Fv2%2Fcomments&post=3978"}],"version-history":[{"count":3,"href":"https:\/\/arroyitoonline.com.ar\/index.php?rest_route=\/wp\/v2\/posts\/3978\/revisions"}],"predecessor-version":[{"id":3985,"href":"https:\/\/arroyitoonline.com.ar\/index.php?rest_route=\/wp\/v2\/posts\/3978\/revisions\/3985"}],"wp:featuredmedia":[{"embeddable":true,"href":"https:\/\/arroyitoonline.com.ar\/index.php?rest_route=\/wp\/v2\/media\/3980"}],"wp:attachment":[{"href":"https:\/\/arroyitoonline.com.ar\/index.php?rest_route=%2Fwp%2Fv2%2Fmedia&parent=3978"}],"wp:term":[{"taxonomy":"category","embeddable":true,"href":"https:\/\/arroyitoonline.com.ar\/index.php?rest_route=%2Fwp%2Fv2%2Fcategories&post=3978"},{"taxonomy":"post_tag","embeddable":true,"href":"https:\/\/arroyitoonline.com.ar\/index.php?rest_route=%2Fwp%2Fv2%2Ftags&post=3978"}],"curies":[{"name":"wp","href":"https:\/\/api.w.org\/{rel}","templated":true}]}}