{"id":3988,"date":"2019-06-03T13:35:04","date_gmt":"2019-06-03T13:35:04","guid":{"rendered":"http:\/\/arroyitoonline.com.ar\/?p=3988"},"modified":"2019-06-03T13:35:05","modified_gmt":"2019-06-03T13:35:05","slug":"un-joven-golpeo-a-su-pareja-y-la-policia-lo-detuvo","status":"publish","type":"post","link":"https:\/\/arroyitoonline.com.ar\/?p=3988","title":{"rendered":"Un joven golpe\u00f3 a su pareja y la Polic\u00eda lo detuvo"},"content":{"rendered":"\n<p><strong>La mujer de 24 a\u00f1os fue asistida por m\u00e9dicos y evoluciona en relaci\u00f3n a las lesiones sufridas. <\/strong><\/p>\n\n\n\n<p>El s\u00e1bado a las 9:30, en zona rural sur, se produjo un hecho policial que tuvo como protagonista a un joven (21) quien, tras una discusi\u00f3n que mantuvo con su pareja, una mujer de 24 a\u00f1os, la golpe\u00f3.<\/p>\n\n\n\n<p>El hombre qued\u00f3 detenido a disposici\u00f3n de la Fiscal\u00eda de Instrucci\u00f3n de Arroyito, por supuesto autor al delito de lesiones leves calificadas. La joven fue asistida por m\u00e9dicos y evoluciona en relaci\u00f3n a las lesiones sufridas. <\/p>\n\n\n\n<p>Fuente: informe del comisario Inspector Pablo Berardo. <\/p>\n\n\n\n<p>Si padec\u00e9s alg\u00fan tipo de maltrato comunicate con la l\u00ednea gratuita de contenci\u00f3n, informaci\u00f3n y asesoramiento para la prevenci\u00f3n de la violencia de g\u00e9nero. Llam\u00e1 al 144. Ped\u00ed ayuda, es el primer paso. <\/p>\n","protected":false},"excerpt":{"rendered":"<p>La mujer de 24 a\u00f1os fue asistida por m\u00e9dicos y evoluciona en relaci\u00f3n a las lesiones sufridas. El s\u00e1bado a&hellip;<\/p>\n","protected":false},"author":3,"featured_media":2730,"comment_status":"closed","ping_status":"open","sticky":false,"template":"","format":"standard","meta":{"footnotes":""},"categories":[824],"tags":[66,67,836,572,637,638,825,808,809,810],"class_list":["post-3988","post","type-post","status-publish","format-standard","has-post-thumbnail","hentry","category-policiales-online","tag-arroyito","tag-arroyito-cordoba","tag-arroyito-online","tag-noticias-de-arroyito-y-zona","tag-policiales","tag-policiales-arroyito","tag-policiales-online","tag-violencia","tag-violencia-de-genero","tag-violencia-familiar"],"_links":{"self":[{"href":"https:\/\/arroyitoonline.com.ar\/index.php?rest_route=\/wp\/v2\/posts\/3988","targetHints":{"allow":["GET"]}}],"collection":[{"href":"https:\/\/arroyitoonline.com.ar\/index.php?rest_route=\/wp\/v2\/posts"}],"about":[{"href":"https:\/\/arroyitoonline.com.ar\/index.php?rest_route=\/wp\/v2\/types\/post"}],"author":[{"embeddable":true,"href":"https:\/\/arroyitoonline.com.ar\/index.php?rest_route=\/wp\/v2\/users\/3"}],"replies":[{"embeddable":true,"href":"https:\/\/arroyitoonline.com.ar\/index.php?rest_route=%2Fwp%2Fv2%2Fcomments&post=3988"}],"version-history":[{"count":1,"href":"https:\/\/arroyitoonline.com.ar\/index.php?rest_route=\/wp\/v2\/posts\/3988\/revisions"}],"predecessor-version":[{"id":3989,"href":"https:\/\/arroyitoonline.com.ar\/index.php?rest_route=\/wp\/v2\/posts\/3988\/revisions\/3989"}],"wp:featuredmedia":[{"embeddable":true,"href":"https:\/\/arroyitoonline.com.ar\/index.php?rest_route=\/wp\/v2\/media\/2730"}],"wp:attachment":[{"href":"https:\/\/arroyitoonline.com.ar\/index.php?rest_route=%2Fwp%2Fv2%2Fmedia&parent=3988"}],"wp:term":[{"taxonomy":"category","embeddable":true,"href":"https:\/\/arroyitoonline.com.ar\/index.php?rest_route=%2Fwp%2Fv2%2Fcategories&post=3988"},{"taxonomy":"post_tag","embeddable":true,"href":"https:\/\/arroyitoonline.com.ar\/index.php?rest_route=%2Fwp%2Fv2%2Ftags&post=3988"}],"curies":[{"name":"wp","href":"https:\/\/api.w.org\/{rel}","templated":true}]}}