{"id":4027,"date":"2019-06-06T19:40:03","date_gmt":"2019-06-06T19:40:03","guid":{"rendered":"http:\/\/arroyitoonline.com.ar\/?p=4027"},"modified":"2019-06-07T23:24:04","modified_gmt":"2019-06-07T23:24:04","slug":"tribunales-arroyito-celebro-su-25o-aniversario","status":"publish","type":"post","link":"https:\/\/arroyitoonline.com.ar\/?p=4027","title":{"rendered":"Tribunales Arroyito celebr\u00f3 su 25\u00ba Aniversario"},"content":{"rendered":"\n<p><strong>Adem\u00e1s entregaron medallas recordatorias a quienes cumplieron\u00a0bodas\u00a0de\u00a0plata\u00a0en\u00a0la\u00a0funci\u00f3n\u00a0judicial.<\/strong><\/p>\n\n\n\n<p>El pasado s\u00e1bado 1 de junio, el Poder Judicial de la ciudad de Arroyito conmemor\u00f3 los 25 a\u00f1os de la creaci\u00f3n del Juzgado, en lo Civil, Comercial, Familia, Control, Ni\u00f1ez, Juventud, Penal, Juveniles\u00a0y Faltas; Fiscal\u00eda de Instrucci\u00f3n; Asesor\u00eda Letrada y Unidad Judicial.<\/p>\n\n\n\n<p>En dicho aniversario estuvieron presentes el intendente Mauricio Cravero, la viceintendente Graciela Tristany, el secretario de Gobierno Ignacio Cabello, el secretario de Hacienda y Finanzas V\u00edctor Dellarossa y el secretario de Obras P\u00fablicas Daniel Lafarina, adem\u00e1s del presidente del Colegio de Abogados Rub\u00e9n Depetris, el presidente de la Asociaci\u00f3n de Magistrados de la Provincia de C\u00f3rdoba Luis Paoloni, autoridades policiales y p\u00fablico en general.<\/p>\n\n\n\n<p>Entonadas las estrofas de himno nacional y escuchados los mensajes de los referentes, entregaron reconocimientos por\u00a0los 25 a\u00f1os: de la Sede Judicial Arroyito a la Asociaci\u00f3n de Magistrados de la Provincia de C\u00f3rdoba; del Colegio de Abogados, de la Municipalidad y de la Sede Policial Departamental a la Sede Judicial.<\/p>\n\n\n\n<p>M\u00e1s tarde, el cura p\u00e1rroco de la Parroquia Nuestra Se\u00f1ora de la Merced, presb\u00edtero Gabriel Camusso bendijo las medallas recordatorias que fueron entregadas por sus 25 a\u00f1os de labor judicial a: Ramiro Vargas, Alejandro Cagnolo (recibi\u00f3 Sonia Orellano) Adriana Daduri\u00e1n, Claudio Mauro (recibi\u00f3 Ignacio Zanotti) y\u00a0Marcela Ambrosino.<\/p>\n\n\n\n<p>Sobre el final, Cravero manifest\u00f3 que <em>\u201cDesde el a\u00f1o 1994, no solo ha crecido nuestro pueblo en la cantidad de habitantes, sino tambi\u00e9n en lo econ\u00f3mico, y creo que esta sede judicial ha acompa\u00f1ado, ha ido de la mano con este crecimiento administrando justicia\u201d<\/em>.<\/p>\n\n\n\n<p>Fuente: Prensa Municipal. <\/p>\n","protected":false},"excerpt":{"rendered":"<p>Adem\u00e1s entregaron medallas recordatorias a quienes cumplieron\u00a0bodas\u00a0de\u00a0plata\u00a0en\u00a0la\u00a0funci\u00f3n\u00a0judicial. El pasado s\u00e1bado 1 de junio, el Poder Judicial de la ciudad de&hellip;<\/p>\n","protected":false},"author":3,"featured_media":4029,"comment_status":"closed","ping_status":"open","sticky":false,"template":"","format":"standard","meta":{"footnotes":""},"categories":[900],"tags":[66,67,836,478,572,633],"class_list":["post-4027","post","type-post","status-publish","format-standard","has-post-thumbnail","hentry","category-noticias","tag-arroyito","tag-arroyito-cordoba","tag-arroyito-online","tag-justicia","tag-noticias-de-arroyito-y-zona","tag-poder-judicial"],"_links":{"self":[{"href":"https:\/\/arroyitoonline.com.ar\/index.php?rest_route=\/wp\/v2\/posts\/4027","targetHints":{"allow":["GET"]}}],"collection":[{"href":"https:\/\/arroyitoonline.com.ar\/index.php?rest_route=\/wp\/v2\/posts"}],"about":[{"href":"https:\/\/arroyitoonline.com.ar\/index.php?rest_route=\/wp\/v2\/types\/post"}],"author":[{"embeddable":true,"href":"https:\/\/arroyitoonline.com.ar\/index.php?rest_route=\/wp\/v2\/users\/3"}],"replies":[{"embeddable":true,"href":"https:\/\/arroyitoonline.com.ar\/index.php?rest_route=%2Fwp%2Fv2%2Fcomments&post=4027"}],"version-history":[{"count":3,"href":"https:\/\/arroyitoonline.com.ar\/index.php?rest_route=\/wp\/v2\/posts\/4027\/revisions"}],"predecessor-version":[{"id":4050,"href":"https:\/\/arroyitoonline.com.ar\/index.php?rest_route=\/wp\/v2\/posts\/4027\/revisions\/4050"}],"wp:featuredmedia":[{"embeddable":true,"href":"https:\/\/arroyitoonline.com.ar\/index.php?rest_route=\/wp\/v2\/media\/4029"}],"wp:attachment":[{"href":"https:\/\/arroyitoonline.com.ar\/index.php?rest_route=%2Fwp%2Fv2%2Fmedia&parent=4027"}],"wp:term":[{"taxonomy":"category","embeddable":true,"href":"https:\/\/arroyitoonline.com.ar\/index.php?rest_route=%2Fwp%2Fv2%2Fcategories&post=4027"},{"taxonomy":"post_tag","embeddable":true,"href":"https:\/\/arroyitoonline.com.ar\/index.php?rest_route=%2Fwp%2Fv2%2Ftags&post=4027"}],"curies":[{"name":"wp","href":"https:\/\/api.w.org\/{rel}","templated":true}]}}