{"id":4044,"date":"2019-06-07T19:00:25","date_gmt":"2019-06-07T19:00:25","guid":{"rendered":"http:\/\/arroyitoonline.com.ar\/?p=4044"},"modified":"2019-06-07T19:05:50","modified_gmt":"2019-06-07T19:05:50","slug":"de-pelicula-se-fugo-de-la-alcaldia-de-sastre-limando-los-barrotes-y-lo-detuvieron-en-la-francia","status":"publish","type":"post","link":"https:\/\/arroyitoonline.com.ar\/?p=4044","title":{"rendered":"De pel\u00edcula: se fug\u00f3 de la Alcald\u00eda de Sastre limando los barrotes y lo detuvieron en La Francia"},"content":{"rendered":"\n<p><strong>Fue tras un allanamiento realizado en zona rural de esa localidad. El sujeto de 49 a\u00f1os ten\u00eda pedido de captura nacional por el delito de evasi\u00f3n.<\/strong><\/p>\n\n\n\n<p>A las 4:00 horas de hoy, la Polic\u00eda dio cumplimiento a la orden de allanamiento en zona rural distante 25 kil\u00f3metros al norte de La Francia.  El procedimiento tambi\u00e9n fue desarrollado por personal de la Divisi\u00f3n Investigaciones de San Francisco y Arroyito y el Grupo t\u00e1ctico ETER.<\/p>\n\n\n\n<p>El resultado fue positivo procediendo a la aprehensi\u00f3n y detenci\u00f3n de un hombre (49), que ten\u00eda pedido de captura nacional, por el delito de evasi\u00f3n.<\/p>\n\n\n\n<p>Tiempo atr\u00e1s, este sujeto junto a otro detenido, escap\u00f3 de la Alcald\u00eda de Sastre, provincia de Santa Fe. Utilizando un elemento cortante lim\u00f3 y cort\u00f3 barrotes de contenci\u00f3n y se fug\u00f3.<\/p>\n\n\n\n<p>El pedido se solicit\u00f3 desde el Ministerio P\u00fablico Fiscal de la localidad santafesina, a cargo del fiscal de Instrucci\u00f3n Carlos Alberto Zoppegni. Adem\u00e1s, seg\u00fan las averiguaciones realizadas, se estableci\u00f3 que el hombre se encontraba alojado por el delito de robo con pedido de captura por el Juzgado Federal de Rafaela.<\/p>\n\n\n\n<p>En el domicilio requisado se constat\u00f3 tambi\u00e9n la presencia de una carabina calibre 22, municiones de escopeta calibre 12\/70 y una caja de cartuchos del calibre 32, todo lo cual fue secuestrado.<\/p>\n\n\n\n<p>El detenido qued\u00f3 a disposici\u00f3n de la Fiscal\u00eda de Instrucci\u00f3n de turno a cargo de Oscar Giecco, Sec. Natalia Plano. El dispositivo fue concretado por el jefe de Zona de Inspeccion N\u00b0 4, comisario Insp. Pablo Berardo, y supervisado por el subdirector Departamental San Justo, comisario Mayor Mauricio Rantica, que procedieron al traslado con custodia, a sede policial de la ciudad de San Francisco.<\/p>\n\n\n\n<p>Fuente: informe del comisario Inspector Pablo Berardo.<\/p>\n","protected":false},"excerpt":{"rendered":"<p>Fue tras un allanamiento realizado en zona rural de esa localidad. El sujeto de 49 a\u00f1os ten\u00eda pedido de captura&hellip;<\/p>\n","protected":false},"author":3,"featured_media":4045,"comment_status":"closed","ping_status":"open","sticky":false,"template":"","format":"standard","meta":{"footnotes":""},"categories":[824],"tags":[66,67,836,270,485,572,635,637,638,825,819],"class_list":["post-4044","post","type-post","status-publish","format-standard","has-post-thumbnail","hentry","category-policiales-online","tag-arroyito","tag-arroyito-cordoba","tag-arroyito-online","tag-delito","tag-la-francia","tag-noticias-de-arroyito-y-zona","tag-policia","tag-policiales","tag-policiales-arroyito","tag-policiales-online","tag-zona-rural"],"_links":{"self":[{"href":"https:\/\/arroyitoonline.com.ar\/index.php?rest_route=\/wp\/v2\/posts\/4044","targetHints":{"allow":["GET"]}}],"collection":[{"href":"https:\/\/arroyitoonline.com.ar\/index.php?rest_route=\/wp\/v2\/posts"}],"about":[{"href":"https:\/\/arroyitoonline.com.ar\/index.php?rest_route=\/wp\/v2\/types\/post"}],"author":[{"embeddable":true,"href":"https:\/\/arroyitoonline.com.ar\/index.php?rest_route=\/wp\/v2\/users\/3"}],"replies":[{"embeddable":true,"href":"https:\/\/arroyitoonline.com.ar\/index.php?rest_route=%2Fwp%2Fv2%2Fcomments&post=4044"}],"version-history":[{"count":3,"href":"https:\/\/arroyitoonline.com.ar\/index.php?rest_route=\/wp\/v2\/posts\/4044\/revisions"}],"predecessor-version":[{"id":4048,"href":"https:\/\/arroyitoonline.com.ar\/index.php?rest_route=\/wp\/v2\/posts\/4044\/revisions\/4048"}],"wp:featuredmedia":[{"embeddable":true,"href":"https:\/\/arroyitoonline.com.ar\/index.php?rest_route=\/wp\/v2\/media\/4045"}],"wp:attachment":[{"href":"https:\/\/arroyitoonline.com.ar\/index.php?rest_route=%2Fwp%2Fv2%2Fmedia&parent=4044"}],"wp:term":[{"taxonomy":"category","embeddable":true,"href":"https:\/\/arroyitoonline.com.ar\/index.php?rest_route=%2Fwp%2Fv2%2Fcategories&post=4044"},{"taxonomy":"post_tag","embeddable":true,"href":"https:\/\/arroyitoonline.com.ar\/index.php?rest_route=%2Fwp%2Fv2%2Ftags&post=4044"}],"curies":[{"name":"wp","href":"https:\/\/api.w.org\/{rel}","templated":true}]}}