{"id":4054,"date":"2019-06-09T17:59:00","date_gmt":"2019-06-09T17:59:00","guid":{"rendered":"http:\/\/arroyitoonline.com.ar\/?p=4054"},"modified":"2019-06-10T18:13:31","modified_gmt":"2019-06-10T18:13:31","slug":"otro-choque-en-la-rotonda-de-san-martin-y-general-paz-y-van","status":"publish","type":"post","link":"https:\/\/arroyitoonline.com.ar\/?p=4054","title":{"rendered":"Otro choque en la rotonda de San Mart\u00edn y General Paz, y van&#8230;"},"content":{"rendered":"\n<p><strong>Un hombre de 36 a\u00f1os perdi\u00f3 el control de su Peugeot\n207 impactando contra el canalizador de tr\u00e1nsito de esa esquina. <\/strong><\/p>\n\n\n\n<p>El s\u00e1bado a las 6:20 horas, la Polic\u00eda observ\u00f3, a trav\u00e9s del domo de seguridad ubicado en la intersecci\u00f3n de las calles San Mart\u00edn y General Paz, que un Peugeot 207 impactaba contra el canalizador de tr\u00e1nsito (rotonda) situado en esa esquina.<\/p>\n\n\n\n<p>El siniestro se habr\u00eda producido por una mala maniobra del conductor del auto (36) quien, momentos antes del choque, circulaba por San Mart\u00edn en sentido de sur a norte acompa\u00f1ado por una mujer (35) y perdi\u00f3 el control del rodado.<\/p>\n\n\n\n<p>A continuaci\u00f3n, m\u00e9dicos del Hospital Municipal, constataron lesiones leves en ambos ocupantes del vech\u00edculo.<\/p>\n\n\n\n<p>Fuente: informe del comisario Inspector Pablo Berardo.<\/p>\n","protected":false},"excerpt":{"rendered":"<p>Un hombre de 36 a\u00f1os perdi\u00f3 el control de su Peugeot 207 impactando contra el canalizador de tr\u00e1nsito de esa&hellip;<\/p>\n","protected":false},"author":3,"featured_media":4055,"comment_status":"closed","ping_status":"open","sticky":false,"template":"","format":"standard","meta":{"footnotes":""},"categories":[824],"tags":[66,67,836,191,572,635,637,638,825],"class_list":["post-4054","post","type-post","status-publish","format-standard","has-post-thumbnail","hentry","category-policiales-online","tag-arroyito","tag-arroyito-cordoba","tag-arroyito-online","tag-choque","tag-noticias-de-arroyito-y-zona","tag-policia","tag-policiales","tag-policiales-arroyito","tag-policiales-online"],"_links":{"self":[{"href":"https:\/\/arroyitoonline.com.ar\/index.php?rest_route=\/wp\/v2\/posts\/4054","targetHints":{"allow":["GET"]}}],"collection":[{"href":"https:\/\/arroyitoonline.com.ar\/index.php?rest_route=\/wp\/v2\/posts"}],"about":[{"href":"https:\/\/arroyitoonline.com.ar\/index.php?rest_route=\/wp\/v2\/types\/post"}],"author":[{"embeddable":true,"href":"https:\/\/arroyitoonline.com.ar\/index.php?rest_route=\/wp\/v2\/users\/3"}],"replies":[{"embeddable":true,"href":"https:\/\/arroyitoonline.com.ar\/index.php?rest_route=%2Fwp%2Fv2%2Fcomments&post=4054"}],"version-history":[{"count":1,"href":"https:\/\/arroyitoonline.com.ar\/index.php?rest_route=\/wp\/v2\/posts\/4054\/revisions"}],"predecessor-version":[{"id":4056,"href":"https:\/\/arroyitoonline.com.ar\/index.php?rest_route=\/wp\/v2\/posts\/4054\/revisions\/4056"}],"wp:featuredmedia":[{"embeddable":true,"href":"https:\/\/arroyitoonline.com.ar\/index.php?rest_route=\/wp\/v2\/media\/4055"}],"wp:attachment":[{"href":"https:\/\/arroyitoonline.com.ar\/index.php?rest_route=%2Fwp%2Fv2%2Fmedia&parent=4054"}],"wp:term":[{"taxonomy":"category","embeddable":true,"href":"https:\/\/arroyitoonline.com.ar\/index.php?rest_route=%2Fwp%2Fv2%2Fcategories&post=4054"},{"taxonomy":"post_tag","embeddable":true,"href":"https:\/\/arroyitoonline.com.ar\/index.php?rest_route=%2Fwp%2Fv2%2Ftags&post=4054"}],"curies":[{"name":"wp","href":"https:\/\/api.w.org\/{rel}","templated":true}]}}