{"id":4063,"date":"2019-06-10T19:54:33","date_gmt":"2019-06-10T19:54:33","guid":{"rendered":"http:\/\/arroyitoonline.com.ar\/?p=4063"},"modified":"2019-06-11T02:40:48","modified_gmt":"2019-06-11T02:40:48","slug":"mora-audenino-se-consagro-subcampeona-con-la-seleccion-cordobesa-de-voley-sub-17","status":"publish","type":"post","link":"https:\/\/arroyitoonline.com.ar\/?p=4063","title":{"rendered":"Mora Audenino se consagr\u00f3 subcampeona con la Selecci\u00f3n Cordobesa de Voley Sub 17"},"content":{"rendered":"\n<p><strong>La joven atleta de Arroyito form\u00f3 parte del equipo titular y jug\u00f3 todos los partidos. <\/strong><\/p>\n\n\n\n<p>Hace algunas semanas, tras distintas observaciones, <a href=\"http:\/\/arroyitoonline.com.ar\/info-online\/infodeporte\/voley-mora-audenino-fue-convocada-para-la-seleccion-cordobesa-sub-17\/\">Mora Audenino hab\u00eda sido convocada para la conformaci\u00f3n de la Selecci\u00f3n Cordobesa de Voley sub 17<\/a>. En este marco, desde el mi\u00e9rcoles 5 hasta ayer domingo 9, la joven deportista particip\u00f3 del Torneo Argentino sub 17 de Voley que se desarroll\u00f3 en la ciudad de Rosario. <\/p>\n\n\n\n<p>C\u00f3rdoba estuvo en la zona C del certamen, compartiendo grupo con R\u00edo Negro, La Pampa, Buenos Aires y Mendoza. Nuestro combinado provincial gan\u00f3 los cuatro partidos y clasific\u00f3 primero en su zona. <\/p>\n\n\n\n<p>En cuartos de final, C\u00f3rdoba se cruz\u00f3 con San Juan ganando 3-0 pasando as\u00ed a semi. Ya entre los cuatro mejores, ayer por la ma\u00f1ana, en un gran partido contra Metro, las cordobesas marcaron amplia diferencia imponi\u00e9ndose por 3-0.<\/p>\n\n\n\n<figure class=\"wp-block-image\"><img loading=\"lazy\" decoding=\"async\" width=\"1024\" height=\"1024\" src=\"http:\/\/arroyitoonline.com.ar\/wp-content\/uploads\/2019\/06\/selecci\u00f3n-cordobesa-sub-17-1024x1024.jpg\" alt=\"\" class=\"wp-image-4066\" srcset=\"https:\/\/arroyitoonline.com.ar\/wp-content\/uploads\/2019\/06\/selecci\u00f3n-cordobesa-sub-17-1024x1024.jpg 1024w, https:\/\/arroyitoonline.com.ar\/wp-content\/uploads\/2019\/06\/selecci\u00f3n-cordobesa-sub-17-150x150.jpg 150w, https:\/\/arroyitoonline.com.ar\/wp-content\/uploads\/2019\/06\/selecci\u00f3n-cordobesa-sub-17-300x300.jpg 300w, https:\/\/arroyitoonline.com.ar\/wp-content\/uploads\/2019\/06\/selecci\u00f3n-cordobesa-sub-17-768x768.jpg 768w, https:\/\/arroyitoonline.com.ar\/wp-content\/uploads\/2019\/06\/selecci\u00f3n-cordobesa-sub-17.jpg 2048w\" sizes=\"auto, (max-width: 1024px) 100vw, 1024px\" \/><figcaption><em>El seleccionado cordob\u00e9s de Voley Sub 17 celebrando la exitosa participaci\u00f3n en el torneo.<\/em><\/figcaption><\/figure>\n\n\n\n<p>Por su parte, la final fue a las 17 con su eterno rival. Esta vez no pudieron contra Santa Fe, que jug\u00f3 muy bien, logrando un triunfo por 3-0.<\/p>\n\n\n\n<p><em>&#8220;M\u00e1s all\u00e1 del resultado, el equipo de C\u00f3rdoba se destac\u00f3, no solo por su juego, sino tambi\u00e9n porque son chicas muy buenas, todas compa\u00f1eras, responsables y respetuosas&#8221;<\/em>, cont\u00f3 a <strong>Arroyito Online<\/strong>, una emocionada Jaquelina Ver\u00f3n, mam\u00e1 de Mora, y agreg\u00f3, con orgullo, que la peque\u00f1a gran atleta form\u00f3 parte del equipo titular y jug\u00f3 cada partido, remarcando el compromiso de todos los equipos.   <\/p>\n\n\n\n<p>Por su parte, el intendente Mauricio Cravero salud\u00f3 y felicit\u00f3 a Mora, <em>&#8220;por su desempe\u00f1o y sacrificio puesto de manifiesto, para poder llegar donde lo hizo. Sin dudas es un orgullo para los arroyitenses contar con deportistas de esta magnitud, que llevan el nombre de nuestra ciudad a lo m\u00e1s alto. Vayan mis felicitaciones para ella y su familia que, sin dudas, es un sost\u00e9n fundamental para el desarrollo de sus actividades&#8221;<\/em>.<\/p>\n","protected":false},"excerpt":{"rendered":"<p>La joven atleta de Arroyito form\u00f3 parte del equipo titular y jug\u00f3 todos los partidos. Hace algunas semanas, tras distintas&hellip;<\/p>\n","protected":false},"author":3,"featured_media":4064,"comment_status":"closed","ping_status":"open","sticky":false,"template":"","format":"standard","meta":{"footnotes":""},"categories":[3],"tags":[66,67,836,276,277,572,814],"class_list":["post-4063","post","type-post","status-publish","format-standard","has-post-thumbnail","hentry","category-infodeporte","tag-arroyito","tag-arroyito-cordoba","tag-arroyito-online","tag-deporte","tag-deportes","tag-noticias-de-arroyito-y-zona","tag-voley"],"_links":{"self":[{"href":"https:\/\/arroyitoonline.com.ar\/index.php?rest_route=\/wp\/v2\/posts\/4063","targetHints":{"allow":["GET"]}}],"collection":[{"href":"https:\/\/arroyitoonline.com.ar\/index.php?rest_route=\/wp\/v2\/posts"}],"about":[{"href":"https:\/\/arroyitoonline.com.ar\/index.php?rest_route=\/wp\/v2\/types\/post"}],"author":[{"embeddable":true,"href":"https:\/\/arroyitoonline.com.ar\/index.php?rest_route=\/wp\/v2\/users\/3"}],"replies":[{"embeddable":true,"href":"https:\/\/arroyitoonline.com.ar\/index.php?rest_route=%2Fwp%2Fv2%2Fcomments&post=4063"}],"version-history":[{"count":3,"href":"https:\/\/arroyitoonline.com.ar\/index.php?rest_route=\/wp\/v2\/posts\/4063\/revisions"}],"predecessor-version":[{"id":4102,"href":"https:\/\/arroyitoonline.com.ar\/index.php?rest_route=\/wp\/v2\/posts\/4063\/revisions\/4102"}],"wp:featuredmedia":[{"embeddable":true,"href":"https:\/\/arroyitoonline.com.ar\/index.php?rest_route=\/wp\/v2\/media\/4064"}],"wp:attachment":[{"href":"https:\/\/arroyitoonline.com.ar\/index.php?rest_route=%2Fwp%2Fv2%2Fmedia&parent=4063"}],"wp:term":[{"taxonomy":"category","embeddable":true,"href":"https:\/\/arroyitoonline.com.ar\/index.php?rest_route=%2Fwp%2Fv2%2Fcategories&post=4063"},{"taxonomy":"post_tag","embeddable":true,"href":"https:\/\/arroyitoonline.com.ar\/index.php?rest_route=%2Fwp%2Fv2%2Ftags&post=4063"}],"curies":[{"name":"wp","href":"https:\/\/api.w.org\/{rel}","templated":true}]}}