{"id":4089,"date":"2019-06-06T13:51:09","date_gmt":"2019-06-06T13:51:09","guid":{"rendered":"http:\/\/arroyitoonline.com.ar\/?p=4089"},"modified":"2019-06-11T01:59:26","modified_gmt":"2019-06-11T01:59:26","slug":"cravero-estuvo-con-macri","status":"publish","type":"post","link":"https:\/\/arroyitoonline.com.ar\/?p=4089","title":{"rendered":"Cravero estuvo con Macri"},"content":{"rendered":"\n<p><strong>El presidente recibi\u00f3 al intendente de Arroyito y a otros primeros mandatarios locales que pertenecen a Cambiemos. <\/strong><\/p>\n\n\n\n<p>El martes 4 de junio, el intendente Mauricio Cravero fue invitado por Presidencia de la Naci\u00f3n para que participara de una audiencia con Mauricio Macri y dem\u00e1s funcionarios nacionales.<\/p>\n\n\n\n<p>Cravero asisti\u00f3 junto a una comitiva de intendentes radicales electos que conforman el espacio pol\u00edtico de Cambiemos. Cabe aclarar que quien propici\u00f3 este encuentro fue el ministro de Defensa Oscar Aguad.<\/p>\n\n\n\n<p>En primer t\u00e9rmino, el primer mandatario local y la comitiva fueron recibidos por el jefe de Gabinete Marcos Pe\u00f1a y, minutos despu\u00e9s, se sum\u00f3 el presidente.<\/p>\n\n\n\n<p>El encuentro gir\u00f3 en torno al di\u00e1logo sobre las realidades sociales y pol\u00edticas, de cada una de las ciudades representadas en ese encuentro.<\/p>\n\n\n\n<p>Por su parte, el intendente de Arroyito expres\u00f3 la importancia de que se le de continuidad a la autopista ruta nacional 19, ya que es una obra fundamental para los cordobeses y para todas las ciudades de la zona de influencia. En este marco, Macri se comprometi\u00f3 en seguir garantizando el avance de la obra, pese a algunas complicaciones ya resueltas.<\/p>\n\n\n\n<p>Como dato de color, Cravero obsequi\u00f3 productos t\u00edpicos\u00a0de la Fiesta Arroyito, la Dulce Ciudad del Pa\u00eds.<\/p>\n\n\n\n<p>Fuente: Prensa Municipal. <\/p>\n","protected":false},"excerpt":{"rendered":"<p>El presidente recibi\u00f3 al intendente de Arroyito y a otros primeros mandatarios locales que pertenecen a Cambiemos. El martes 4&hellip;<\/p>\n","protected":false},"author":3,"featured_media":4090,"comment_status":"closed","ping_status":"open","sticky":false,"template":"","format":"standard","meta":{"footnotes":""},"categories":[8],"tags":[66,67,836,253,511,527,572,640],"class_list":["post-4089","post","type-post","status-publish","format-standard","has-post-thumbnail","hentry","category-politica","tag-arroyito","tag-arroyito-cordoba","tag-arroyito-online","tag-cravero","tag-macri","tag-mauricio-cravero","tag-noticias-de-arroyito-y-zona","tag-politica"],"_links":{"self":[{"href":"https:\/\/arroyitoonline.com.ar\/index.php?rest_route=\/wp\/v2\/posts\/4089","targetHints":{"allow":["GET"]}}],"collection":[{"href":"https:\/\/arroyitoonline.com.ar\/index.php?rest_route=\/wp\/v2\/posts"}],"about":[{"href":"https:\/\/arroyitoonline.com.ar\/index.php?rest_route=\/wp\/v2\/types\/post"}],"author":[{"embeddable":true,"href":"https:\/\/arroyitoonline.com.ar\/index.php?rest_route=\/wp\/v2\/users\/3"}],"replies":[{"embeddable":true,"href":"https:\/\/arroyitoonline.com.ar\/index.php?rest_route=%2Fwp%2Fv2%2Fcomments&post=4089"}],"version-history":[{"count":1,"href":"https:\/\/arroyitoonline.com.ar\/index.php?rest_route=\/wp\/v2\/posts\/4089\/revisions"}],"predecessor-version":[{"id":4091,"href":"https:\/\/arroyitoonline.com.ar\/index.php?rest_route=\/wp\/v2\/posts\/4089\/revisions\/4091"}],"wp:featuredmedia":[{"embeddable":true,"href":"https:\/\/arroyitoonline.com.ar\/index.php?rest_route=\/wp\/v2\/media\/4090"}],"wp:attachment":[{"href":"https:\/\/arroyitoonline.com.ar\/index.php?rest_route=%2Fwp%2Fv2%2Fmedia&parent=4089"}],"wp:term":[{"taxonomy":"category","embeddable":true,"href":"https:\/\/arroyitoonline.com.ar\/index.php?rest_route=%2Fwp%2Fv2%2Fcategories&post=4089"},{"taxonomy":"post_tag","embeddable":true,"href":"https:\/\/arroyitoonline.com.ar\/index.php?rest_route=%2Fwp%2Fv2%2Ftags&post=4089"}],"curies":[{"name":"wp","href":"https:\/\/api.w.org\/{rel}","templated":true}]}}