{"id":4095,"date":"2019-06-11T02:37:26","date_gmt":"2019-06-11T02:37:26","guid":{"rendered":"http:\/\/arroyitoonline.com.ar\/?p=4095"},"modified":"2019-06-11T02:38:55","modified_gmt":"2019-06-11T02:38:55","slug":"se-viene-la-5a-campana-raees","status":"publish","type":"post","link":"https:\/\/arroyitoonline.com.ar\/?p=4095","title":{"rendered":"Se viene la 5\u00aa Campa\u00f1a Raees"},"content":{"rendered":"\n<p><strong>Esta vez, los puntos de acopio ser\u00e1 algunas escuelas de nuestra ciudad. La recolecci\u00f3n tambi\u00e9n se har\u00e1 en los parajes. <\/strong><\/p>\n\n\n\n<p>Desde el pr\u00f3ximo martes 18 y hasta el viernes 21 de junio, se desarrollar\u00e1 la 5\u00aa Campa\u00f1a Raees (Residuos de Aparatos Electr\u00f3nicos y El\u00e9ctricos). Seg\u00fan establece la ordenanza N\u00ba 1578\/2012, aprobada por unanimidad el 16 de agosto de 2012, los vecinos deber\u00e1n llevar estos residuos a los diferentes puntos de acopio, que este a\u00f1o ser\u00e1n escuelas de la ciudad.<\/p>\n\n\n\n<p><strong>Los puntos de acopio ser\u00e1n:<\/strong><\/p>\n\n\n\n<p>Escuelas: Ipetaym N\u00b0 68, IPEM N\u00b0 329, Dr. Dalmacio V\u00e9lez Sarsfield (Nivel Medio), Hermanas Mercedarias y Mar\u00eda Teresa Navarro.<\/p>\n\n\n\n<p><strong>Hora: 8:00 \u2013 12:00 \/ 14:00 \u2013 16:00<\/strong><\/p>\n\n\n\n<p><strong>Paraje El Fuertecito: martes 18 \/ Horario: 8:00 \u2013 12:00&nbsp;<\/strong><\/p>\n\n\n\n<p><strong>Paraje La Curva: jueves 20 \/ Horario: 8:00 \u2013 12:00&nbsp;<\/strong><\/p>\n\n\n\n<figure class=\"wp-block-image\"><img loading=\"lazy\" decoding=\"async\" width=\"1024\" height=\"769\" src=\"http:\/\/arroyitoonline.com.ar\/wp-content\/uploads\/2019\/06\/raees-2-1024x769.png\" alt=\"\" class=\"wp-image-4097\" srcset=\"https:\/\/arroyitoonline.com.ar\/wp-content\/uploads\/2019\/06\/raees-2-1024x769.png 1024w, https:\/\/arroyitoonline.com.ar\/wp-content\/uploads\/2019\/06\/raees-2-300x225.png 300w, https:\/\/arroyitoonline.com.ar\/wp-content\/uploads\/2019\/06\/raees-2-768x576.png 768w, https:\/\/arroyitoonline.com.ar\/wp-content\/uploads\/2019\/06\/raees-2.png 2048w\" sizes=\"auto, (max-width: 1024px) 100vw, 1024px\" \/><\/figure>\n\n\n\n<p><strong>Objetivos:<\/strong><\/p>\n\n\n\n<p>La campa\u00f1a Raees tiene por motivos el reciclado de aparatos el\u00e9ctricos y electr\u00f3nicos en desuso d\u00e1ndoles un correcto destino.<\/p>\n\n\n\n<p>Este proyecto surgi\u00f3 para darle soluci\u00f3n al gran remanente de basura con materiales peligrosos y contaminantes para el medio ambiente, que se generan debido a la continua expansi\u00f3n y obsolescencia de las tecnolog\u00edas.&nbsp;<\/p>\n\n\n\n<p>La Municipalidad destinar\u00e1 varios puntos de acopio donde se llevar\u00e1n estos residuos, para que una vez concluida la campa\u00f1a, 3R Ambiental, empresa dedicada a la provisi\u00f3n de servicios ambientales, les de un tratamiento y disposici\u00f3n final.<\/p>\n\n\n\n<figure class=\"wp-block-image\"><img loading=\"lazy\" decoding=\"async\" width=\"1024\" height=\"769\" src=\"http:\/\/arroyitoonline.com.ar\/wp-content\/uploads\/2019\/06\/raees-1-1024x769.png\" alt=\"\" class=\"wp-image-4098\" srcset=\"https:\/\/arroyitoonline.com.ar\/wp-content\/uploads\/2019\/06\/raees-1-1024x769.png 1024w, https:\/\/arroyitoonline.com.ar\/wp-content\/uploads\/2019\/06\/raees-1-300x225.png 300w, https:\/\/arroyitoonline.com.ar\/wp-content\/uploads\/2019\/06\/raees-1-768x576.png 768w, https:\/\/arroyitoonline.com.ar\/wp-content\/uploads\/2019\/06\/raees-1.png 2048w\" sizes=\"auto, (max-width: 1024px) 100vw, 1024px\" \/><\/figure>\n\n\n\n<p>\u00bf<strong>Qu\u00e9 busca esta campa\u00f1a?<\/strong><\/p>\n\n\n\n<p>Que se informe y concientice a la comunidad sobre la contaminaci\u00f3n que generan estos residuos.<\/p>\n\n\n\n<p>Que se instrumente un sistema de recolecci\u00f3n \u00e1gil y accesible a todos los vecinos de Arroyito.<\/p>\n\n\n\n<p>Que se logre la disposici\u00f3n final de estos residuos, de una manera amigable con el medio ambiente.<\/p>\n\n\n\n<p>Que se generen informes sobre la cantidad de Raees retirados de nuestra ciudad.<\/p>\n\n\n\n<p>Fuente: Prensa Municipal. <\/p>\n","protected":false},"excerpt":{"rendered":"<p>Esta vez, los puntos de acopio ser\u00e1 algunas escuelas de nuestra ciudad. La recolecci\u00f3n tambi\u00e9n se har\u00e1 en los parajes.&hellip;<\/p>\n","protected":false},"author":3,"featured_media":4096,"comment_status":"closed","ping_status":"open","sticky":false,"template":"","format":"standard","meta":{"footnotes":""},"categories":[913],"tags":[66,67,836,258,348,528,555,556,572,671],"class_list":["post-4095","post","type-post","status-publish","format-standard","has-post-thumbnail","hentry","category-medio-ambiente","tag-arroyito","tag-arroyito-cordoba","tag-arroyito-online","tag-cuidado-del-medio-ambiente","tag-escuelas","tag-medio-ambiente","tag-municipalidad","tag-municipalidad-de-arroyito","tag-noticias-de-arroyito-y-zona","tag-raees"],"_links":{"self":[{"href":"https:\/\/arroyitoonline.com.ar\/index.php?rest_route=\/wp\/v2\/posts\/4095","targetHints":{"allow":["GET"]}}],"collection":[{"href":"https:\/\/arroyitoonline.com.ar\/index.php?rest_route=\/wp\/v2\/posts"}],"about":[{"href":"https:\/\/arroyitoonline.com.ar\/index.php?rest_route=\/wp\/v2\/types\/post"}],"author":[{"embeddable":true,"href":"https:\/\/arroyitoonline.com.ar\/index.php?rest_route=\/wp\/v2\/users\/3"}],"replies":[{"embeddable":true,"href":"https:\/\/arroyitoonline.com.ar\/index.php?rest_route=%2Fwp%2Fv2%2Fcomments&post=4095"}],"version-history":[{"count":2,"href":"https:\/\/arroyitoonline.com.ar\/index.php?rest_route=\/wp\/v2\/posts\/4095\/revisions"}],"predecessor-version":[{"id":4101,"href":"https:\/\/arroyitoonline.com.ar\/index.php?rest_route=\/wp\/v2\/posts\/4095\/revisions\/4101"}],"wp:featuredmedia":[{"embeddable":true,"href":"https:\/\/arroyitoonline.com.ar\/index.php?rest_route=\/wp\/v2\/media\/4096"}],"wp:attachment":[{"href":"https:\/\/arroyitoonline.com.ar\/index.php?rest_route=%2Fwp%2Fv2%2Fmedia&parent=4095"}],"wp:term":[{"taxonomy":"category","embeddable":true,"href":"https:\/\/arroyitoonline.com.ar\/index.php?rest_route=%2Fwp%2Fv2%2Fcategories&post=4095"},{"taxonomy":"post_tag","embeddable":true,"href":"https:\/\/arroyitoonline.com.ar\/index.php?rest_route=%2Fwp%2Fv2%2Ftags&post=4095"}],"curies":[{"name":"wp","href":"https:\/\/api.w.org\/{rel}","templated":true}]}}