{"id":4106,"date":"2019-06-08T14:51:10","date_gmt":"2019-06-08T14:51:10","guid":{"rendered":"http:\/\/arroyitoonline.com.ar\/?p=4106"},"modified":"2019-06-11T02:59:55","modified_gmt":"2019-06-11T02:59:55","slug":"cravero-recibio-a-marisol-garay-la-nena-que-pide-basta-de-bullying","status":"publish","type":"post","link":"https:\/\/arroyitoonline.com.ar\/?p=4106","title":{"rendered":"Cravero recibi\u00f3 a Marisol Garay, la nena que pide &#8220;basta de bullying&#8221;"},"content":{"rendered":"\n<p><strong>Luego de que su video se viralizara, el intendente se reuni\u00f3 con la chica de 14 a\u00f1os que visibiliz\u00f3 la problem\u00e1tica.<\/strong><\/p>\n\n\n\n<p>En horas del mediod\u00eda del jueves 6, el intendente Mauricio Cravero recibi\u00f3 a la joven Marisol Garay (14), que grab\u00f3 un video, en el cual <a href=\"http:\/\/arroyitoonline.com.ar\/info-online\/ninez-y-adolescencia\/tuve-que-vivir-de-cerca-la-perdida-de-una-amiga-que-con-tan-solo-12-anos-acabo-con-su-vida\/\">alerta sobre el bullying que sufren muchos ni\u00f1os y adolescentes de Arroyito<\/a>.<\/p>\n\n\n\n<p>En d\u00edas previos, el primer mandatario local habl\u00f3 con su familia para invitarla a una audiencia y as\u00ed pudieran conocerse. En ese marco, Cravero expres\u00f3 la emoci\u00f3n que le gener\u00f3 al ver su video, el compromiso que transmiten sus palabras <em>&#8220;para que todos nos involucremos con este problema y generemos acciones que erradiquen el bullying en nuestra ciudad&#8221;<\/em>. <\/p>\n\n\n\n<p>Fue una charla amena, en la cual Marisol estaba acompa\u00f1ada de su hermana. En la oportunidad, el intendente coment\u00f3 las distintas campa\u00f1as que el municipio realiza desde Prenaf y estimul\u00f3 a la joven a que participe y se acerque al \u00e1rea municipal junto sus amigos, cada vez que lo necesite.<\/p>\n\n\n\n<p>Marisol utiliza este espacio (redes sociales), no solo para hacer p\u00fablico su padecimiento y el de una amiga <em>\u201cque, con tan solo 12 a\u00f1os, acab\u00f3 con su vida, tal vez porque no la supieron escuchar o no pudo hablar con nadie\u201d<\/em>; sino tambi\u00e9n para dejar un mensaje esperanzador acerca del verdadero valor de la vida: <em>\u201cte pido que no te quedes callado, porque tu vida es muy valiosa, no sab\u00e9s lo que vale tu vida. Tenemos que no ser tan ego\u00edstas y tratar de no pensar tanto en nosotros mismos, tratar de no pensar en todos los que nos odian y todas las cosas malas que nos hacen, sino tambi\u00e9n pensar en las personas que s\u00ed nos quieren o se preocupan por nosotros y les doler\u00eda si algo nos pasara\u201d<\/em>.\u00a0<\/p>\n\n\n\n<p>Ya en el cierre del video, se escucha a la adolescente diciendo que <em>\u201ctu vida es muy importante, vale much\u00edsimo, no permitas que nadie te diga lo contrario. Hoy los j\u00f3venes alzamos nuestra voz porque ya nos cansamos de vivir esto, de tener p\u00e9rdidas. Te pido que me ayudes porque yo s\u00e9 que juntos podemos marcar la diferencia, que juntos podemos acabar con esto que se llama bullying. Basta de bullying\u201d<\/em>. Adem\u00e1s, un alarmante informe de Unicef plantea que se triplic\u00f3 el suicidio adolescente en los \u00faltimos 30 a\u00f1os.<\/p>\n","protected":false},"excerpt":{"rendered":"<p>Luego de que su video se viralizara, el intendente se reuni\u00f3 con la chica de 14 a\u00f1os que visibiliz\u00f3 la&hellip;<\/p>\n","protected":false},"author":3,"featured_media":4107,"comment_status":"closed","ping_status":"open","sticky":false,"template":"","format":"standard","meta":{"footnotes":""},"categories":[962],"tags":[31,66,67,836,970,253,527,548,555,556,570],"class_list":["post-4106","post","type-post","status-publish","format-standard","has-post-thumbnail","hentry","category-ninez-y-adolescencia","tag-adolescentes","tag-arroyito","tag-arroyito-cordoba","tag-arroyito-online","tag-bullying","tag-cravero","tag-mauricio-cravero","tag-muerte","tag-municipalidad","tag-municipalidad-de-arroyito","tag-ninez"],"_links":{"self":[{"href":"https:\/\/arroyitoonline.com.ar\/index.php?rest_route=\/wp\/v2\/posts\/4106","targetHints":{"allow":["GET"]}}],"collection":[{"href":"https:\/\/arroyitoonline.com.ar\/index.php?rest_route=\/wp\/v2\/posts"}],"about":[{"href":"https:\/\/arroyitoonline.com.ar\/index.php?rest_route=\/wp\/v2\/types\/post"}],"author":[{"embeddable":true,"href":"https:\/\/arroyitoonline.com.ar\/index.php?rest_route=\/wp\/v2\/users\/3"}],"replies":[{"embeddable":true,"href":"https:\/\/arroyitoonline.com.ar\/index.php?rest_route=%2Fwp%2Fv2%2Fcomments&post=4106"}],"version-history":[{"count":1,"href":"https:\/\/arroyitoonline.com.ar\/index.php?rest_route=\/wp\/v2\/posts\/4106\/revisions"}],"predecessor-version":[{"id":4108,"href":"https:\/\/arroyitoonline.com.ar\/index.php?rest_route=\/wp\/v2\/posts\/4106\/revisions\/4108"}],"wp:featuredmedia":[{"embeddable":true,"href":"https:\/\/arroyitoonline.com.ar\/index.php?rest_route=\/wp\/v2\/media\/4107"}],"wp:attachment":[{"href":"https:\/\/arroyitoonline.com.ar\/index.php?rest_route=%2Fwp%2Fv2%2Fmedia&parent=4106"}],"wp:term":[{"taxonomy":"category","embeddable":true,"href":"https:\/\/arroyitoonline.com.ar\/index.php?rest_route=%2Fwp%2Fv2%2Fcategories&post=4106"},{"taxonomy":"post_tag","embeddable":true,"href":"https:\/\/arroyitoonline.com.ar\/index.php?rest_route=%2Fwp%2Fv2%2Ftags&post=4106"}],"curies":[{"name":"wp","href":"https:\/\/api.w.org\/{rel}","templated":true}]}}