{"id":4109,"date":"2019-06-10T15:07:38","date_gmt":"2019-06-10T15:07:38","guid":{"rendered":"http:\/\/arroyitoonline.com.ar\/?p=4109"},"modified":"2019-06-11T03:16:57","modified_gmt":"2019-06-11T03:16:57","slug":"entregaron-certificados-a-los-gestores-culturales-de-arroyito","status":"publish","type":"post","link":"https:\/\/arroyitoonline.com.ar\/?p=4109","title":{"rendered":"Entregaron certificados a los gestores culturales de Arroyito"},"content":{"rendered":"\n<p><strong>En un desayuno de ideas, los asistentes al curso recibieron su certificaci\u00f3n de la Universidad Popular.<\/strong><\/p>\n\n\n\n<p>El s\u00e1bado pasado se entregaron certificados del Curso de Gesti\u00f3n Cultural de la Universidad Popular, en un desayuno de ideas, donde los presentes manifestaron su inter\u00e9s en la formaci\u00f3n de un equipo de trabajo y que, a trav\u00e9s de proyectos, se materialicen las necesidades sociales con manifestaciones desde diversas disciplinas del arte.<\/p>\n\n\n\n<p>En la ocasi\u00f3n estuvieron presentes la viceintendente Graciela Tristany y la directora de Cultura Viviana Sam Sam.<\/p>\n\n\n\n<p>Quienes obtuvieron certificaci\u00f3n de la Universidad Popular, por su asistencia al curso fueron los siguientes gestores:<\/p>\n\n\n\n<p>F\u00e1tima Navarro, Flavia Ciancia, Elizabeth Montenegro, Gabriela Ram\u00f3n, Edith Borletto, Mariana Italiano, Estefan\u00eda Camisasso, Leandro Pati\u00f1o Olmos, Naiara Cioccatto,\u00a0Carla Trossero, Federico Ceballos, Javier Navarrete, Gisela Luque, M\u00f3nica Gallardo, Ayel\u00e9n Juan, Luciana Moreno, Anal\u00eda Gonzalez, Laura Berardo, Juan M. Aponosovich, Diego Arce, Alicia Bessone, Denis Lucero, Daniela Mendoza, Wilson Ferreyra, Viviana Pedernera, Gustavo Pav\u00f3n, Zoraya Bessone, Facundo Valle, Claudia Bernade y Viviana Ruzzi.<\/p>\n\n\n\n<p>Fuente: Prensa Municipal. <\/p>\n","protected":false},"excerpt":{"rendered":"<p>En un desayuno de ideas, los asistentes al curso recibieron su certificaci\u00f3n de la Universidad Popular. El s\u00e1bado pasado se&hellip;<\/p>\n","protected":false},"author":3,"featured_media":4110,"comment_status":"closed","ping_status":"open","sticky":false,"template":"","format":"standard","meta":{"footnotes":""},"categories":[2],"tags":[66,67,836,70,153,158,265,929,555,556,572,907],"class_list":["post-4109","post","type-post","status-publish","format-standard","has-post-thumbnail","hentry","category-cultura-y-espectaculos","tag-arroyito","tag-arroyito-cordoba","tag-arroyito-online","tag-arte","tag-capacitacion","tag-casa-de-la-cultura","tag-curso","tag-gestion-cultural","tag-municipalidad","tag-municipalidad-de-arroyito","tag-noticias-de-arroyito-y-zona","tag-universidad-popular"],"_links":{"self":[{"href":"https:\/\/arroyitoonline.com.ar\/index.php?rest_route=\/wp\/v2\/posts\/4109","targetHints":{"allow":["GET"]}}],"collection":[{"href":"https:\/\/arroyitoonline.com.ar\/index.php?rest_route=\/wp\/v2\/posts"}],"about":[{"href":"https:\/\/arroyitoonline.com.ar\/index.php?rest_route=\/wp\/v2\/types\/post"}],"author":[{"embeddable":true,"href":"https:\/\/arroyitoonline.com.ar\/index.php?rest_route=\/wp\/v2\/users\/3"}],"replies":[{"embeddable":true,"href":"https:\/\/arroyitoonline.com.ar\/index.php?rest_route=%2Fwp%2Fv2%2Fcomments&post=4109"}],"version-history":[{"count":1,"href":"https:\/\/arroyitoonline.com.ar\/index.php?rest_route=\/wp\/v2\/posts\/4109\/revisions"}],"predecessor-version":[{"id":4111,"href":"https:\/\/arroyitoonline.com.ar\/index.php?rest_route=\/wp\/v2\/posts\/4109\/revisions\/4111"}],"wp:featuredmedia":[{"embeddable":true,"href":"https:\/\/arroyitoonline.com.ar\/index.php?rest_route=\/wp\/v2\/media\/4110"}],"wp:attachment":[{"href":"https:\/\/arroyitoonline.com.ar\/index.php?rest_route=%2Fwp%2Fv2%2Fmedia&parent=4109"}],"wp:term":[{"taxonomy":"category","embeddable":true,"href":"https:\/\/arroyitoonline.com.ar\/index.php?rest_route=%2Fwp%2Fv2%2Fcategories&post=4109"},{"taxonomy":"post_tag","embeddable":true,"href":"https:\/\/arroyitoonline.com.ar\/index.php?rest_route=%2Fwp%2Fv2%2Ftags&post=4109"}],"curies":[{"name":"wp","href":"https:\/\/api.w.org\/{rel}","templated":true}]}}