{"id":4112,"date":"2019-06-11T14:40:17","date_gmt":"2019-06-11T14:40:17","guid":{"rendered":"http:\/\/arroyitoonline.com.ar\/?p=4112"},"modified":"2019-06-11T14:42:44","modified_gmt":"2019-06-11T14:42:44","slug":"el-precandidato-emanuel-acosta-agasajo-a-los-medios-por-el-dia-del-periodista","status":"publish","type":"post","link":"https:\/\/arroyitoonline.com.ar\/?p=4112","title":{"rendered":"El precandidato Emanuel Acosta agasaj\u00f3 a los medios por el D\u00eda del Periodista"},"content":{"rendered":"\n<p><strong>El m\u00e1s joven referente de Hacemos Por C\u00f3rdoba encabez\u00f3 un desayuno, durante el cual abri\u00f3 el debate entre los trabajadores de la prensa locales. <\/strong><\/p>\n\n\n\n<p>El s\u00e1bado a la ma\u00f1ana, en el bar c\u00e9ntrico Mocaf\u00e9 <strong>\u2013<\/strong>9 de Julio esquina Belgrano-, el precandidato a intendente de Hacemos Por C\u00f3rdoba, Emanuel Acosta, encabez\u00f3 un desayuno del que particip\u00f3 buen n\u00famero de referentes de los medios de comunicaci\u00f3n locales.<\/p>\n\n\n\n<p>Es que, con motivo del D\u00eda del Periodista celebrado cada 7 de junio, el joven abogado invit\u00f3 a los trabajadores de prensa abriendo el debate acerca de diversas tem\u00e1ticas inherentes al rubro, a los que se sumaron miembros del equipo de trabajo de Acosta.<\/p>\n\n\n\n<p>Por ejemplo, si es necesaria la generaci\u00f3n de una ordenanza que establezca criterios sobre la distribuci\u00f3n de la pauta publicitaria municipal, separando a los medios por categor\u00edas (televisivos, digitales, gr\u00e1ficos y radiales). <\/p>\n\n\n\n<p>Tambi\u00e9n se gener\u00f3 un intercambio acerca de la contrataci\u00f3n de propaganda con medios for\u00e1neos, y en qu\u00e9 casos es necesario que se recurra a estos \u00faltimos.<\/p>\n\n\n\n<p>Si bien entre los presentes se registraron diversas opiniones y puntos de vista sobre los mismos temas, la mayor\u00eda coincidi\u00f3 en que el Estado municipal debe adoptar un rol activo propiciando el empadronamiento y registro de los trabajadores de prensa de Arroyito exigi\u00e9ndoles adem\u00e1s, que cumplan con las condiciones b\u00e1sicas para el desarrollo de la actividad. <\/p>\n\n\n\n<p>Desde <strong>Arroyito Online<\/strong> agradecemos la invitaci\u00f3n e instamos a que sigan gener\u00e1ndose este tipo de espacios. <\/p>\n","protected":false},"excerpt":{"rendered":"<p>El m\u00e1s joven referente de Hacemos Por C\u00f3rdoba encabez\u00f3 un desayuno, durante el cual abri\u00f3 el debate entre los trabajadores&hellip;<\/p>\n","protected":false},"author":3,"featured_media":4113,"comment_status":"closed","ping_status":"open","sticky":false,"template":"","format":"standard","meta":{"footnotes":""},"categories":[8],"tags":[955,66,67,836,572,613,640],"class_list":["post-4112","post","type-post","status-publish","format-standard","has-post-thumbnail","hentry","category-politica","tag-acosta","tag-arroyito","tag-arroyito-cordoba","tag-arroyito-online","tag-noticias-de-arroyito-y-zona","tag-periodista","tag-politica"],"_links":{"self":[{"href":"https:\/\/arroyitoonline.com.ar\/index.php?rest_route=\/wp\/v2\/posts\/4112","targetHints":{"allow":["GET"]}}],"collection":[{"href":"https:\/\/arroyitoonline.com.ar\/index.php?rest_route=\/wp\/v2\/posts"}],"about":[{"href":"https:\/\/arroyitoonline.com.ar\/index.php?rest_route=\/wp\/v2\/types\/post"}],"author":[{"embeddable":true,"href":"https:\/\/arroyitoonline.com.ar\/index.php?rest_route=\/wp\/v2\/users\/3"}],"replies":[{"embeddable":true,"href":"https:\/\/arroyitoonline.com.ar\/index.php?rest_route=%2Fwp%2Fv2%2Fcomments&post=4112"}],"version-history":[{"count":4,"href":"https:\/\/arroyitoonline.com.ar\/index.php?rest_route=\/wp\/v2\/posts\/4112\/revisions"}],"predecessor-version":[{"id":4119,"href":"https:\/\/arroyitoonline.com.ar\/index.php?rest_route=\/wp\/v2\/posts\/4112\/revisions\/4119"}],"wp:featuredmedia":[{"embeddable":true,"href":"https:\/\/arroyitoonline.com.ar\/index.php?rest_route=\/wp\/v2\/media\/4113"}],"wp:attachment":[{"href":"https:\/\/arroyitoonline.com.ar\/index.php?rest_route=%2Fwp%2Fv2%2Fmedia&parent=4112"}],"wp:term":[{"taxonomy":"category","embeddable":true,"href":"https:\/\/arroyitoonline.com.ar\/index.php?rest_route=%2Fwp%2Fv2%2Fcategories&post=4112"},{"taxonomy":"post_tag","embeddable":true,"href":"https:\/\/arroyitoonline.com.ar\/index.php?rest_route=%2Fwp%2Fv2%2Ftags&post=4112"}],"curies":[{"name":"wp","href":"https:\/\/api.w.org\/{rel}","templated":true}]}}