{"id":4120,"date":"2019-06-06T07:29:40","date_gmt":"2019-06-06T07:29:40","guid":{"rendered":"http:\/\/arroyitoonline.com.ar\/?p=4120"},"modified":"2019-06-11T19:29:55","modified_gmt":"2019-06-11T19:29:55","slug":"funcionarias-de-arroyito-participaron-de-una-jornada-sobre-sensibilizacion-del-diversidad-sexual","status":"publish","type":"post","link":"https:\/\/arroyitoonline.com.ar\/?p=4120","title":{"rendered":"Funcionarias de Arroyito participaron de una Jornada sobre Sensibilizaci\u00f3n del Diversidad Sexual"},"content":{"rendered":"\n<p><strong>El evento se desarroll\u00f3 en el Centro C\u00edvico de la localidad de Luque y cont\u00f3 con disertantes del Ministerio de Salud y Desarrollo Social de la Naci\u00f3n. <\/strong><\/p>\n\n\n\n<p>El martes 4 de junio, en el Centro C\u00edvico Municipal de la localidad de Luque, se desarroll\u00f3 la Jornada sobre Sensibilizaci\u00f3n en Diversidad Sexual.<\/p>\n\n\n\n<p>Desde el Ministerio de Salud y Desarrollo Social de la Naci\u00f3n, disertaron la licenciada Gabriela Correas y Santiago Orsi, ambos referentes de las \u00e1reas Fortalecimiento del Derecho de las Mujeres y Diversidad Sexual de la ciudad de C\u00f3rdoba.<\/p>\n\n\n\n<p>El objetivo del encuentro fue que se sensibilice y capacite sobre temas tan controvertidos y actuales como lo son el respeto, la igualdad y la valoraci\u00f3n de la diversidad de sexos, como as\u00ed tambi\u00e9n la profundizaci\u00f3n del respecto a la Ley Micaela sancionada de manera reciente.<\/p>\n\n\n\n<p>Se pretende con capacitaciones de esta \u00edndole que se rompa con paradigmas para que cambie el enfoque de una sociedad que muchas veces discrimina porque desconoce de la tem\u00e1tica abordada.<\/p>\n\n\n\n<p>De la charla participaron la viceintendente Graciela Tristany, la directora de Desarrollo Social Miriam Zagonel, la coordinadora del Consejo de la Mujer Edith Brav\u00edn, la trabajadora Social Soledad Castillo y Fernanda Altamirano, activista y representante en Arroyito de la Asociaci\u00f3n de Travestis Transexuales y Transg\u00e9neros de Argentina.<\/p>\n\n\n\n<p>Fuente: Prensa Municipal. <\/p>\n","protected":false},"excerpt":{"rendered":"<p>El evento se desarroll\u00f3 en el Centro C\u00edvico de la localidad de Luque y cont\u00f3 con disertantes del Ministerio de&hellip;<\/p>\n","protected":false},"author":3,"featured_media":4121,"comment_status":"closed","ping_status":"open","sticky":false,"template":"","format":"standard","meta":{"footnotes":""},"categories":[900],"tags":[66,67,836,232,974,555,556],"class_list":["post-4120","post","type-post","status-publish","format-standard","has-post-thumbnail","hentry","category-noticias","tag-arroyito","tag-arroyito-cordoba","tag-arroyito-online","tag-consejo-de-la-mujer","tag-diversidad-sexual","tag-municipalidad","tag-municipalidad-de-arroyito"],"_links":{"self":[{"href":"https:\/\/arroyitoonline.com.ar\/index.php?rest_route=\/wp\/v2\/posts\/4120","targetHints":{"allow":["GET"]}}],"collection":[{"href":"https:\/\/arroyitoonline.com.ar\/index.php?rest_route=\/wp\/v2\/posts"}],"about":[{"href":"https:\/\/arroyitoonline.com.ar\/index.php?rest_route=\/wp\/v2\/types\/post"}],"author":[{"embeddable":true,"href":"https:\/\/arroyitoonline.com.ar\/index.php?rest_route=\/wp\/v2\/users\/3"}],"replies":[{"embeddable":true,"href":"https:\/\/arroyitoonline.com.ar\/index.php?rest_route=%2Fwp%2Fv2%2Fcomments&post=4120"}],"version-history":[{"count":1,"href":"https:\/\/arroyitoonline.com.ar\/index.php?rest_route=\/wp\/v2\/posts\/4120\/revisions"}],"predecessor-version":[{"id":4122,"href":"https:\/\/arroyitoonline.com.ar\/index.php?rest_route=\/wp\/v2\/posts\/4120\/revisions\/4122"}],"wp:featuredmedia":[{"embeddable":true,"href":"https:\/\/arroyitoonline.com.ar\/index.php?rest_route=\/wp\/v2\/media\/4121"}],"wp:attachment":[{"href":"https:\/\/arroyitoonline.com.ar\/index.php?rest_route=%2Fwp%2Fv2%2Fmedia&parent=4120"}],"wp:term":[{"taxonomy":"category","embeddable":true,"href":"https:\/\/arroyitoonline.com.ar\/index.php?rest_route=%2Fwp%2Fv2%2Fcategories&post=4120"},{"taxonomy":"post_tag","embeddable":true,"href":"https:\/\/arroyitoonline.com.ar\/index.php?rest_route=%2Fwp%2Fv2%2Ftags&post=4120"}],"curies":[{"name":"wp","href":"https:\/\/api.w.org\/{rel}","templated":true}]}}