{"id":4132,"date":"2019-06-12T02:43:40","date_gmt":"2019-06-12T02:43:40","guid":{"rendered":"http:\/\/arroyitoonline.com.ar\/?p=4132"},"modified":"2019-06-12T02:43:45","modified_gmt":"2019-06-12T02:43:45","slug":"prenaf-realiza-talleres-de-reconocimiento-manejo-y-comunicacion-de-emociones-en-las-escuelas","status":"publish","type":"post","link":"https:\/\/arroyitoonline.com.ar\/?p=4132","title":{"rendered":"PreNAF realiza talleres de reconocimiento, manejo y comunicaci\u00f3n de emociones en las escuelas"},"content":{"rendered":"\n<p><strong>El taller est\u00e1 dirigido a alumnos de 3\u00b0 grado y se realizan cuatro encuentros con cada grupo. <\/strong><\/p>\n\n\n\n<p>Desde mayo pasado, el \u00e1rea municipal de Prevenci\u00f3n, Ni\u00f1ez, Adolescencia y Familia (PreNAF) viene realizando, en diferentes instituciones educativas, talleres de reconocimiento, manejo y comunicaci\u00f3n asertiva de emociones, que contin\u00faan en este mes de junio.<\/p>\n\n\n\n<p>En esta oportunidad la propuesta est\u00e1 direccionada por las psic\u00f3logas Romina Machado y Paola Trasmontana. Las profesionales abordan esta tem\u00e1tica bajo el lema &#8220;PENSAR, SENTIR, ACTUAR\u201d.<\/p>\n\n\n\n<p>Parece clara la importancia de que se trabajen las emociones en el espacio a\u00falico ya que, desde los seis a\u00f1os, el ni\u00f1o es capaz de tomar conciencia de sus sentimientos y de imitar a trav\u00e9s del juego simb\u00f3lico consiguiendo ser m\u00e1s sociable y aut\u00f3nomo. Por lo tanto, es necesario que los chicos conozcan sus emociones y sus consecuencias.<\/p>\n\n\n\n<p>En esta etapa surge la necesidad de que adquieran habilidades que les permitan controlar aquellos sentimientos que irritan o ponen agresivos pero, a la vez, deben ser conscientes de los sentimientos que motivan la capacidad de adaptaci\u00f3n o la de la resoluci\u00f3n de conflictos.<\/p>\n\n\n\n<p>El taller est\u00e1 dirigido a alumnos de 3\u00b0 grado y se realizan cuatro encuentros con cada grupo. Esta propuesta se replica en otros espacios educativos.<\/p>\n\n\n\n<p>Fuente: Prensa Municipal. <\/p>\n","protected":false},"excerpt":{"rendered":"<p>El taller est\u00e1 dirigido a alumnos de 3\u00b0 grado y se realizan cuatro encuentros con cada grupo. Desde mayo pasado,&hellip;<\/p>\n","protected":false},"author":3,"featured_media":4133,"comment_status":"closed","ping_status":"open","sticky":false,"template":"","format":"standard","meta":{"footnotes":""},"categories":[962],"tags":[66,67,836,310,348,555,556,570,572,647],"class_list":["post-4132","post","type-post","status-publish","format-standard","has-post-thumbnail","hentry","category-ninez-y-adolescencia","tag-arroyito","tag-arroyito-cordoba","tag-arroyito-online","tag-educacion","tag-escuelas","tag-municipalidad","tag-municipalidad-de-arroyito","tag-ninez","tag-noticias-de-arroyito-y-zona","tag-prenaf"],"_links":{"self":[{"href":"https:\/\/arroyitoonline.com.ar\/index.php?rest_route=\/wp\/v2\/posts\/4132","targetHints":{"allow":["GET"]}}],"collection":[{"href":"https:\/\/arroyitoonline.com.ar\/index.php?rest_route=\/wp\/v2\/posts"}],"about":[{"href":"https:\/\/arroyitoonline.com.ar\/index.php?rest_route=\/wp\/v2\/types\/post"}],"author":[{"embeddable":true,"href":"https:\/\/arroyitoonline.com.ar\/index.php?rest_route=\/wp\/v2\/users\/3"}],"replies":[{"embeddable":true,"href":"https:\/\/arroyitoonline.com.ar\/index.php?rest_route=%2Fwp%2Fv2%2Fcomments&post=4132"}],"version-history":[{"count":1,"href":"https:\/\/arroyitoonline.com.ar\/index.php?rest_route=\/wp\/v2\/posts\/4132\/revisions"}],"predecessor-version":[{"id":4134,"href":"https:\/\/arroyitoonline.com.ar\/index.php?rest_route=\/wp\/v2\/posts\/4132\/revisions\/4134"}],"wp:featuredmedia":[{"embeddable":true,"href":"https:\/\/arroyitoonline.com.ar\/index.php?rest_route=\/wp\/v2\/media\/4133"}],"wp:attachment":[{"href":"https:\/\/arroyitoonline.com.ar\/index.php?rest_route=%2Fwp%2Fv2%2Fmedia&parent=4132"}],"wp:term":[{"taxonomy":"category","embeddable":true,"href":"https:\/\/arroyitoonline.com.ar\/index.php?rest_route=%2Fwp%2Fv2%2Fcategories&post=4132"},{"taxonomy":"post_tag","embeddable":true,"href":"https:\/\/arroyitoonline.com.ar\/index.php?rest_route=%2Fwp%2Fv2%2Ftags&post=4132"}],"curies":[{"name":"wp","href":"https:\/\/api.w.org\/{rel}","templated":true}]}}