{"id":4135,"date":"2019-06-12T03:02:44","date_gmt":"2019-06-12T03:02:44","guid":{"rendered":"http:\/\/arroyitoonline.com.ar\/?p=4135"},"modified":"2019-06-12T03:02:46","modified_gmt":"2019-06-12T03:02:46","slug":"el-publico-aplaudio-de-pie-el-espectaculo-otono-coral","status":"publish","type":"post","link":"https:\/\/arroyitoonline.com.ar\/?p=4135","title":{"rendered":"El p\u00fablico aplaudi\u00f3 de pie el espect\u00e1culo Oto\u00f1o Coral"},"content":{"rendered":"\n<p><strong>Al escenario se subieron el Coro de C\u00e1mara Municipal, Sinergia Coral y Camerata Vocal C\u00f3rdoba.<\/strong><\/p>\n\n\n\n<p>El pasado s\u00e1bado 8 de junio, en el Auditorio Coral Municipal, se desarroll\u00f3 el Encuentro Oto\u00f1o Coral, el cual sirvi\u00f3 para la inauguraci\u00f3n formal de ese recinto. <\/p>\n\n\n\n<p>En la ocasi\u00f3n fue el Coro de C\u00e1mara Municipal, dirigido por Joel Coronel, el anfitri\u00f3n del evento y encargado de romper el hielo. A continuaci\u00f3n se present\u00f3 Sinergia Coral, dirigido por el Santiago Brusco. M\u00e1s tarde se subi\u00f3 al escenario Camerata Vocal C\u00f3rdoba, a cargo de su director Rodrigo Varillas. En el final, los tres elencos juntos, interpretaron Vidala del Recuerdo, como s\u00edmbolo de encuentro y uni\u00f3n.<\/p>\n\n\n\n<p>Cabe destacar que, en cada momento del espect\u00e1culo, el p\u00fablico aplaudi\u00f3 de pie a los coreutas, que desplegaron su talento.<\/p>\n\n\n\n<p>Acompa\u00f1ando a estos artistas, estuvieron presentes el secretario de Obras P\u00fablicas Daniel Lafarina y la directora de Cultura Viviana Sam Sam, adem\u00e1s Teresita Rubiolo de Ferace, exdirectora de los Coros,. Los tres hicieron entrega de reconocimientos a los directores de los elencos participantes.<\/p>\n\n\n\n<p>Fuente: Prensa Municipal. <\/p>\n","protected":false},"excerpt":{"rendered":"<p>Al escenario se subieron el Coro de C\u00e1mara Municipal, Sinergia Coral y Camerata Vocal C\u00f3rdoba. El pasado s\u00e1bado 8 de&hellip;<\/p>\n","protected":false},"author":3,"featured_media":4136,"comment_status":"closed","ping_status":"open","sticky":false,"template":"","format":"standard","meta":{"footnotes":""},"categories":[2],"tags":[66,67,158,247,975,259,864,555,556],"class_list":["post-4135","post","type-post","status-publish","format-standard","has-post-thumbnail","hentry","category-cultura-y-espectaculos","tag-arroyito","tag-arroyito-cordoba","tag-casa-de-la-cultura","tag-coro","tag-coro-de-camara","tag-cultura","tag-cultura-y-espectaculos-online","tag-municipalidad","tag-municipalidad-de-arroyito"],"_links":{"self":[{"href":"https:\/\/arroyitoonline.com.ar\/index.php?rest_route=\/wp\/v2\/posts\/4135","targetHints":{"allow":["GET"]}}],"collection":[{"href":"https:\/\/arroyitoonline.com.ar\/index.php?rest_route=\/wp\/v2\/posts"}],"about":[{"href":"https:\/\/arroyitoonline.com.ar\/index.php?rest_route=\/wp\/v2\/types\/post"}],"author":[{"embeddable":true,"href":"https:\/\/arroyitoonline.com.ar\/index.php?rest_route=\/wp\/v2\/users\/3"}],"replies":[{"embeddable":true,"href":"https:\/\/arroyitoonline.com.ar\/index.php?rest_route=%2Fwp%2Fv2%2Fcomments&post=4135"}],"version-history":[{"count":1,"href":"https:\/\/arroyitoonline.com.ar\/index.php?rest_route=\/wp\/v2\/posts\/4135\/revisions"}],"predecessor-version":[{"id":4137,"href":"https:\/\/arroyitoonline.com.ar\/index.php?rest_route=\/wp\/v2\/posts\/4135\/revisions\/4137"}],"wp:featuredmedia":[{"embeddable":true,"href":"https:\/\/arroyitoonline.com.ar\/index.php?rest_route=\/wp\/v2\/media\/4136"}],"wp:attachment":[{"href":"https:\/\/arroyitoonline.com.ar\/index.php?rest_route=%2Fwp%2Fv2%2Fmedia&parent=4135"}],"wp:term":[{"taxonomy":"category","embeddable":true,"href":"https:\/\/arroyitoonline.com.ar\/index.php?rest_route=%2Fwp%2Fv2%2Fcategories&post=4135"},{"taxonomy":"post_tag","embeddable":true,"href":"https:\/\/arroyitoonline.com.ar\/index.php?rest_route=%2Fwp%2Fv2%2Ftags&post=4135"}],"curies":[{"name":"wp","href":"https:\/\/api.w.org\/{rel}","templated":true}]}}